{"id":9843,"date":"2024-05-08T08:53:05","date_gmt":"2024-05-08T07:53:05","guid":{"rendered":"https:\/\/www.rotarymodena.it\/?p=9843"},"modified":"2024-05-08T11:57:55","modified_gmt":"2024-05-08T10:57:55","slug":"da-biella-a-ravarino-una-storia-di-successo-serata-in-interclub-con-carlo-rivetti","status":"publish","type":"post","link":"https:\/\/www.rotarymodena.it\/?p=9843","title":{"rendered":"\u201cDA BIELLA A RAVARINO UNA STORIA DI SUCCESSO\u201d: SERATA IN INTERCLUB CON CARLO RIVETTI"},"content":{"rendered":"\n<p>I tifosi canarini lo conoscono dal 2021 come Presidente del Modena FC, il resto del mondo come grande imprenditore del settore tessile: \u00e8 Carlo Rivetti, che gioved\u00ec 2 maggio \u00e8 stato ospite di una serata in Interclub organizzata dal L.A. Muratori, con la partecipazione del nostro club, del Castelvetro Terra dei Rangoni, del Rotaract Club Modena e dell\u2019eClub Emilia.<br>Carlo Rivetti \u00e8 un bocconiano e proviene da una famiglia che ha radici profonde nel settore tessile industriale: \u201csono cresciuto a pane e vestiti\u201d, ha esordito davanti ad una folta platea, per sottolineare che i suoi sogni di bambino si sono poi realizzati, e per questo si sente fortunato.<br>La storia dell\u2019azienda Rivetti inizia a Biella attorno al 1870 e, come ci ha raccontato, suo padre Silvio ha rivoluzionato il mondo della moda italiana e del pr\u00eat-\u00e0-porter introducendo in Italia, dopo un periodo trascorso negli Stati Uniti, il sistema delle taglie e fondando, insieme ai fratelli, la prima azienda che ha prodotto e distribuito nel mondo le grandi firme della moda, come Armani e Valentino.<br>Carlo Rivetti \u00e8 entrato nel gruppo nel 1975 e subito dopo ha rilevato il marchio CP Company: tutto nasce da un\u2019intuizione, che lo porta ad abbinare alla vita quotidiana un abbigliamento pi\u00f9 sportivo, ma sempre di alto livello nei materiali utilizzati: \u201cho studiato alla Bocconi, e guardavo come si vestivano le ragazze e i ragazzi che frequentavano l\u2019universit\u00e0: la scarpa da tennis era una costante, e l\u2019abbigliamento riprendeva quello con cui noi andiamo in palestra. Mi sono detto \u201cquesta generazione cambier\u00e0 il proprio modo di vestirsi\u201d, e quindi dalle giacche formali e dalle cravatte abbiamo virato verso il non formale, quello che adesso chiamiamo casual.\u201d<br>Cercando aziende italiane orientate a questo tipo di produzione \u2013 siamo nel 1982 \u2013 ne trovano 2: la Benetton e la CP Company, azienda guidata da Massimo Osti che firmava i suoi capi col marchio Stone Island, sulla quale concentrano la propria attenzione. Il tessuto di esordio della Stone era detto \u201ctela stella\u201d, ed era utilizzato per i teloni del camion.<br>\u201cDecidere di fare un giubbotto con i teloni del camion poteva sembrare una pazzia, da vedere era veramente brutto \u2013 ha ricordato Rivetti &#8211; e allora decidemmo di metterlo in macchine apposite, trattandolo con pietra pomice per 3 ore. Il risultato? Una schifezza! Poi il colpo di fortuna: ci dimentichiamo il tessuto in macchina per una notte intera, e alla mattina il risultato era il tessuto che conosciamo ora! Da l\u00ec decidemmo di fare una collezione di 7 capi spalla: un tessuto, 6 colori (in realt\u00e0 12, era bifacciale) e fu un successo strepitoso.\u201d<br>Nel 1993 Rivetti acquista con la sorella Cristina il 100% dell\u2019azienda, chiamandola Sportswear Company, e da qui inizia il legame con il territorio modenese: Ravarino diventa la capitale della ricerca su tessuti, colori, sostenibilit\u00e0 e i prodotti con il distintivo volano.<br>\u201cOgni giorno \u00e8 una sfida, le mie persone sono le prime a spingere \u2013 ci ha raccontato con orgoglio Rivetti \u2013 e se per un po&#8217; di tempo non ci sono novit\u00e0 si preoccupano perch\u00e9, dicono, la parola impossibile non fa parte del DNA della nostra azienda. Dico sempre che io non mi sento di lavorare nella moda\u2026 io lavoro nel design industriale; e non faccio vestiti, faccio opere di ingegneria, fra tinture, trattamenti, materiali usati.\u201d<br>Come quella volta che d\u00e0 l\u2019incarico di analizzare un pezzettino di tessuto che si era trovato fra le mani e che non conosceva: si trattava di un foglio leggerissimo di nylon, con sopra una spalmatura 100% acciaio inox. Partono le ricerche per risalire a chi lo produce, e scoprono che si tratta di un anziano signore giapponese.<br>\u201cAveva gi\u00e0 un grosso cliente, ma dopo molte trattative lo convinciamo a fornirci del tessuto \u2013 ha ricordato sorridendo Rivetti \u2013 e produciamo giacconi 100% acciaio inox. Ne vendiamo un discreto quantitativo\u2026torniamo da lui e gli chiediamo 15 mila metri. E lui: \u201cMa quanti areoplani avete??\u201d: il suo cliente principale era la Boeing e quel tessuto veniva utilizzato per coprire i computer di bordo sugli areoplani!\u201d<br>In chiusura della serata un commento, su richiesta, rispetto al perch\u00e9 del suo impegno nel Modena Calcio: \u201cmi trovavo in un momento di\u2026ridondanza finanziaria, ho sentito Romano Sghedoni\u2026ho pensato che \u2013 divisi in casa fra milanisti e interisti \u2013 sarebbe stata un\u2019ottima opportunit\u00e0 per la famiglia per tifare tutti la stessa squadra. E cos\u00ec \u00e8 iniziata l\u2019avventura!\u201d<br>In effetti la societ\u00e0 canarina, slegata dalle altre attivit\u00e0, pu\u00f2 essere davvero considerata la squadra di famiglia: vi lavorano i figli Matteo e Silvio, la nuora Ilaria, il nipote Mattia.<br><br>Francesca Abbati Marescotti<\/p>\n\n\n\n<figure class=\"wp-block-gallery has-nested-images columns-1 is-cropped wp-block-gallery-1 is-layout-flex wp-block-gallery-is-layout-flex\">\n<figure class=\"wp-block-image size-large\"><a href=\"https:\/\/www.rotarymodena.it\/wp-content\/uploads\/2024\/05\/VenturaRivettiRoventini-scaled.jpg\"><img loading=\"lazy\" decoding=\"async\" width=\"1024\" height=\"683\" data-id=\"9854\" src=\"https:\/\/www.rotarymodena.it\/wp-content\/uploads\/2024\/05\/VenturaRivettiRoventini-1024x683.jpg\" alt=\"\" class=\"wp-image-9854\" srcset=\"https:\/\/www.rotarymodena.it\/wp-content\/uploads\/2024\/05\/VenturaRivettiRoventini-1024x683.jpg 1024w, https:\/\/www.rotarymodena.it\/wp-content\/uploads\/2024\/05\/VenturaRivettiRoventini-300x200.jpg 300w, https:\/\/www.rotarymodena.it\/wp-content\/uploads\/2024\/05\/VenturaRivettiRoventini-150x100.jpg 150w, https:\/\/www.rotarymodena.it\/wp-content\/uploads\/2024\/05\/VenturaRivettiRoventini-768x512.jpg 768w, https:\/\/www.rotarymodena.it\/wp-content\/uploads\/2024\/05\/VenturaRivettiRoventini-1536x1024.jpg 1536w, https:\/\/www.rotarymodena.it\/wp-content\/uploads\/2024\/05\/VenturaRivettiRoventini-2048x1365.jpg 2048w\" sizes=\"auto, (max-width: 1024px) 100vw, 1024px\" \/><\/a><\/figure>\n\n\n\n<figure class=\"wp-block-image size-large\"><a href=\"https:\/\/www.rotarymodena.it\/wp-content\/uploads\/2024\/05\/VenturaleggeCV.jpg\"><img loading=\"lazy\" decoding=\"async\" width=\"768\" height=\"1024\" data-id=\"9853\" src=\"https:\/\/www.rotarymodena.it\/wp-content\/uploads\/2024\/05\/VenturaleggeCV-768x1024.jpg\" alt=\"\" class=\"wp-image-9853\" srcset=\"https:\/\/www.rotarymodena.it\/wp-content\/uploads\/2024\/05\/VenturaleggeCV-768x1024.jpg 768w, https:\/\/www.rotarymodena.it\/wp-content\/uploads\/2024\/05\/VenturaleggeCV-225x300.jpg 225w, https:\/\/www.rotarymodena.it\/wp-content\/uploads\/2024\/05\/VenturaleggeCV-113x150.jpg 113w, https:\/\/www.rotarymodena.it\/wp-content\/uploads\/2024\/05\/VenturaleggeCV.jpg 960w\" sizes=\"auto, (max-width: 768px) 100vw, 768px\" \/><\/a><\/figure>\n\n\n\n<figure class=\"wp-block-image size-large\"><a href=\"https:\/\/www.rotarymodena.it\/wp-content\/uploads\/2024\/05\/stoneisland.png\"><img loading=\"lazy\" decoding=\"async\" width=\"453\" height=\"262\" data-id=\"9852\" src=\"https:\/\/www.rotarymodena.it\/wp-content\/uploads\/2024\/05\/stoneisland.png\" alt=\"\" class=\"wp-image-9852\" srcset=\"https:\/\/www.rotarymodena.it\/wp-content\/uploads\/2024\/05\/stoneisland.png 453w, https:\/\/www.rotarymodena.it\/wp-content\/uploads\/2024\/05\/stoneisland-300x174.png 300w, https:\/\/www.rotarymodena.it\/wp-content\/uploads\/2024\/05\/stoneisland-150x87.png 150w\" sizes=\"auto, (max-width: 453px) 100vw, 453px\" \/><\/a><\/figure>\n\n\n\n<figure class=\"wp-block-image size-large\"><a href=\"https:\/\/www.rotarymodena.it\/wp-content\/uploads\/2024\/05\/SalutoBulgarelli.jpg\"><img loading=\"lazy\" decoding=\"async\" width=\"1024\" height=\"768\" data-id=\"9851\" src=\"https:\/\/www.rotarymodena.it\/wp-content\/uploads\/2024\/05\/SalutoBulgarelli-1024x768.jpg\" alt=\"\" class=\"wp-image-9851\" srcset=\"https:\/\/www.rotarymodena.it\/wp-content\/uploads\/2024\/05\/SalutoBulgarelli-1024x768.jpg 1024w, https:\/\/www.rotarymodena.it\/wp-content\/uploads\/2024\/05\/SalutoBulgarelli-300x225.jpg 300w, https:\/\/www.rotarymodena.it\/wp-content\/uploads\/2024\/05\/SalutoBulgarelli-150x113.jpg 150w, https:\/\/www.rotarymodena.it\/wp-content\/uploads\/2024\/05\/SalutoBulgarelli-768x576.jpg 768w, https:\/\/www.rotarymodena.it\/wp-content\/uploads\/2024\/05\/SalutoBulgarelli.jpg 1280w\" sizes=\"auto, (max-width: 1024px) 100vw, 1024px\" \/><\/a><\/figure>\n\n\n\n<figure class=\"wp-block-image size-large\"><a href=\"https:\/\/www.rotarymodena.it\/wp-content\/uploads\/2024\/05\/Presidenti.jpg\"><img loading=\"lazy\" decoding=\"async\" width=\"1024\" height=\"768\" data-id=\"9850\" src=\"https:\/\/www.rotarymodena.it\/wp-content\/uploads\/2024\/05\/Presidenti-1024x768.jpg\" alt=\"\" class=\"wp-image-9850\" srcset=\"https:\/\/www.rotarymodena.it\/wp-content\/uploads\/2024\/05\/Presidenti-1024x768.jpg 1024w, https:\/\/www.rotarymodena.it\/wp-content\/uploads\/2024\/05\/Presidenti-300x225.jpg 300w, https:\/\/www.rotarymodena.it\/wp-content\/uploads\/2024\/05\/Presidenti-150x113.jpg 150w, https:\/\/www.rotarymodena.it\/wp-content\/uploads\/2024\/05\/Presidenti-768x576.jpg 768w, https:\/\/www.rotarymodena.it\/wp-content\/uploads\/2024\/05\/Presidenti.jpg 1280w\" sizes=\"auto, (max-width: 1024px) 100vw, 1024px\" \/><\/a><\/figure>\n\n\n\n<figure class=\"wp-block-image size-large\"><a href=\"https:\/\/www.rotarymodena.it\/wp-content\/uploads\/2024\/05\/Platea.jpg\"><img loading=\"lazy\" decoding=\"async\" width=\"1024\" height=\"768\" data-id=\"9849\" src=\"https:\/\/www.rotarymodena.it\/wp-content\/uploads\/2024\/05\/Platea-1024x768.jpg\" alt=\"\" class=\"wp-image-9849\" srcset=\"https:\/\/www.rotarymodena.it\/wp-content\/uploads\/2024\/05\/Platea-1024x768.jpg 1024w, https:\/\/www.rotarymodena.it\/wp-content\/uploads\/2024\/05\/Platea-300x225.jpg 300w, https:\/\/www.rotarymodena.it\/wp-content\/uploads\/2024\/05\/Platea-150x113.jpg 150w, https:\/\/www.rotarymodena.it\/wp-content\/uploads\/2024\/05\/Platea-768x576.jpg 768w, https:\/\/www.rotarymodena.it\/wp-content\/uploads\/2024\/05\/Platea.jpg 1280w\" sizes=\"auto, (max-width: 1024px) 100vw, 1024px\" \/><\/a><\/figure>\n\n\n\n<figure class=\"wp-block-image size-large\"><a href=\"https:\/\/www.rotarymodena.it\/wp-content\/uploads\/2024\/05\/Ospiti.jpg\"><img loading=\"lazy\" decoding=\"async\" width=\"1024\" height=\"768\" data-id=\"9848\" src=\"https:\/\/www.rotarymodena.it\/wp-content\/uploads\/2024\/05\/Ospiti-1024x768.jpg\" alt=\"\" class=\"wp-image-9848\" srcset=\"https:\/\/www.rotarymodena.it\/wp-content\/uploads\/2024\/05\/Ospiti-1024x768.jpg 1024w, https:\/\/www.rotarymodena.it\/wp-content\/uploads\/2024\/05\/Ospiti-300x225.jpg 300w, https:\/\/www.rotarymodena.it\/wp-content\/uploads\/2024\/05\/Ospiti-150x113.jpg 150w, https:\/\/www.rotarymodena.it\/wp-content\/uploads\/2024\/05\/Ospiti-768x576.jpg 768w, https:\/\/www.rotarymodena.it\/wp-content\/uploads\/2024\/05\/Ospiti.jpg 1280w\" sizes=\"auto, (max-width: 1024px) 100vw, 1024px\" \/><\/a><\/figure>\n\n\n\n<figure class=\"wp-block-image size-large\"><a href=\"https:\/\/www.rotarymodena.it\/wp-content\/uploads\/2024\/05\/Labari.jpg\"><img loading=\"lazy\" decoding=\"async\" width=\"1024\" height=\"768\" data-id=\"9847\" src=\"https:\/\/www.rotarymodena.it\/wp-content\/uploads\/2024\/05\/Labari-1024x768.jpg\" alt=\"\" class=\"wp-image-9847\" srcset=\"https:\/\/www.rotarymodena.it\/wp-content\/uploads\/2024\/05\/Labari-1024x768.jpg 1024w, https:\/\/www.rotarymodena.it\/wp-content\/uploads\/2024\/05\/Labari-300x225.jpg 300w, https:\/\/www.rotarymodena.it\/wp-content\/uploads\/2024\/05\/Labari-150x113.jpg 150w, https:\/\/www.rotarymodena.it\/wp-content\/uploads\/2024\/05\/Labari-768x576.jpg 768w, https:\/\/www.rotarymodena.it\/wp-content\/uploads\/2024\/05\/Labari.jpg 1280w\" sizes=\"auto, (max-width: 1024px) 100vw, 1024px\" \/><\/a><\/figure>\n\n\n\n<figure class=\"wp-block-image size-large\"><a href=\"https:\/\/www.rotarymodena.it\/wp-content\/uploads\/2024\/05\/Gruppo-scaled.jpg\"><img loading=\"lazy\" decoding=\"async\" width=\"1024\" height=\"683\" data-id=\"9846\" src=\"https:\/\/www.rotarymodena.it\/wp-content\/uploads\/2024\/05\/Gruppo-1024x683.jpg\" alt=\"\" class=\"wp-image-9846\" srcset=\"https:\/\/www.rotarymodena.it\/wp-content\/uploads\/2024\/05\/Gruppo-1024x683.jpg 1024w, https:\/\/www.rotarymodena.it\/wp-content\/uploads\/2024\/05\/Gruppo-300x200.jpg 300w, https:\/\/www.rotarymodena.it\/wp-content\/uploads\/2024\/05\/Gruppo-150x100.jpg 150w, https:\/\/www.rotarymodena.it\/wp-content\/uploads\/2024\/05\/Gruppo-768x512.jpg 768w, https:\/\/www.rotarymodena.it\/wp-content\/uploads\/2024\/05\/Gruppo-1536x1024.jpg 1536w, https:\/\/www.rotarymodena.it\/wp-content\/uploads\/2024\/05\/Gruppo-2048x1365.jpg 2048w\" sizes=\"auto, (max-width: 1024px) 100vw, 1024px\" \/><\/a><\/figure>\n\n\n\n<figure class=\"wp-block-image size-large\"><a href=\"https:\/\/www.rotarymodena.it\/wp-content\/uploads\/2024\/05\/ClaudioRivetti2.jpg\"><img loading=\"lazy\" decoding=\"async\" width=\"1024\" height=\"768\" data-id=\"9845\" src=\"https:\/\/www.rotarymodena.it\/wp-content\/uploads\/2024\/05\/ClaudioRivetti2-1024x768.jpg\" alt=\"\" class=\"wp-image-9845\" srcset=\"https:\/\/www.rotarymodena.it\/wp-content\/uploads\/2024\/05\/ClaudioRivetti2-1024x768.jpg 1024w, https:\/\/www.rotarymodena.it\/wp-content\/uploads\/2024\/05\/ClaudioRivetti2-300x225.jpg 300w, https:\/\/www.rotarymodena.it\/wp-content\/uploads\/2024\/05\/ClaudioRivetti2-150x113.jpg 150w, https:\/\/www.rotarymodena.it\/wp-content\/uploads\/2024\/05\/ClaudioRivetti2-768x576.jpg 768w, https:\/\/www.rotarymodena.it\/wp-content\/uploads\/2024\/05\/ClaudioRivetti2.jpg 1280w\" sizes=\"auto, (max-width: 1024px) 100vw, 1024px\" \/><\/a><\/figure>\n\n\n\n<figure class=\"wp-block-image size-large\"><a href=\"https:\/\/www.rotarymodena.it\/wp-content\/uploads\/2024\/05\/ClaudioRivetti.jpg\"><img loading=\"lazy\" decoding=\"async\" width=\"1024\" height=\"768\" data-id=\"9844\" src=\"https:\/\/www.rotarymodena.it\/wp-content\/uploads\/2024\/05\/ClaudioRivetti-1024x768.jpg\" alt=\"\" class=\"wp-image-9844\" srcset=\"https:\/\/www.rotarymodena.it\/wp-content\/uploads\/2024\/05\/ClaudioRivetti-1024x768.jpg 1024w, https:\/\/www.rotarymodena.it\/wp-content\/uploads\/2024\/05\/ClaudioRivetti-300x225.jpg 300w, https:\/\/www.rotarymodena.it\/wp-content\/uploads\/2024\/05\/ClaudioRivetti-150x113.jpg 150w, https:\/\/www.rotarymodena.it\/wp-content\/uploads\/2024\/05\/ClaudioRivetti-768x576.jpg 768w, https:\/\/www.rotarymodena.it\/wp-content\/uploads\/2024\/05\/ClaudioRivetti.jpg 1280w\" sizes=\"auto, (max-width: 1024px) 100vw, 1024px\" \/><\/a><\/figure>\n<\/figure>\n","protected":false},"excerpt":{"rendered":"<p>I tifosi canarini lo conoscono dal 2021 come Presidente del Modena FC, il resto del mondo come grande imprenditore del settore tessile: \u00e8 Carlo Rivetti, che gioved\u00ec 2 maggio \u00e8 stato ospite di una serata in Interclub organizzata dal L.A. Muratori, con la partecipazione del nostro club, del Castelvetro Terra dei Rangoni, del Rotaract Club [&hellip;]<\/p>\n","protected":false},"author":251,"featured_media":9846,"comment_status":"open","ping_status":"closed","sticky":false,"template":"","format":"standard","meta":{"_acf_changed":false,"footnotes":""},"categories":[8],"tags":[],"class_list":["post-9843","post","type-post","status-publish","format-standard","has-post-thumbnail","hentry","category-news","has_thumb"],"acf":[],"_links":{"self":[{"href":"https:\/\/www.rotarymodena.it\/index.php?rest_route=\/wp\/v2\/posts\/9843","targetHints":{"allow":["GET"]}}],"collection":[{"href":"https:\/\/www.rotarymodena.it\/index.php?rest_route=\/wp\/v2\/posts"}],"about":[{"href":"https:\/\/www.rotarymodena.it\/index.php?rest_route=\/wp\/v2\/types\/post"}],"author":[{"embeddable":true,"href":"https:\/\/www.rotarymodena.it\/index.php?rest_route=\/wp\/v2\/users\/251"}],"replies":[{"embeddable":true,"href":"https:\/\/www.rotarymodena.it\/index.php?rest_route=%2Fwp%2Fv2%2Fcomments&post=9843"}],"version-history":[{"count":3,"href":"https:\/\/www.rotarymodena.it\/index.php?rest_route=\/wp\/v2\/posts\/9843\/revisions"}],"predecessor-version":[{"id":9857,"href":"https:\/\/www.rotarymodena.it\/index.php?rest_route=\/wp\/v2\/posts\/9843\/revisions\/9857"}],"wp:featuredmedia":[{"embeddable":true,"href":"https:\/\/www.rotarymodena.it\/index.php?rest_route=\/wp\/v2\/media\/9846"}],"wp:attachment":[{"href":"https:\/\/www.rotarymodena.it\/index.php?rest_route=%2Fwp%2Fv2%2Fmedia&parent=9843"}],"wp:term":[{"taxonomy":"category","embeddable":true,"href":"https:\/\/www.rotarymodena.it\/index.php?rest_route=%2Fwp%2Fv2%2Fcategories&post=9843"},{"taxonomy":"post_tag","embeddable":true,"href":"https:\/\/www.rotarymodena.it\/index.php?rest_route=%2Fwp%2Fv2%2Ftags&post=9843"}],"curies":[{"name":"wp","href":"https:\/\/api.w.org\/{rel}","templated":true}]}}