{"id":9606,"date":"2024-02-09T12:29:09","date_gmt":"2024-02-09T11:29:09","guid":{"rendered":"https:\/\/www.rotarymodena.it\/?p=9606"},"modified":"2024-02-09T12:33:37","modified_gmt":"2024-02-09T11:33:37","slug":"resoconto-della-conviviale-in-interclub-del-6-febbraio-2024","status":"publish","type":"post","link":"https:\/\/www.rotarymodena.it\/?p=9606","title":{"rendered":"Resoconto della Conviviale in Interclub del 6 febbraio 2024"},"content":{"rendered":"\n<p>E\u2019 stata una conviviale molto partecipata quella dello scorso marted\u00ec, organizzata dal nostro Rotary<br>in Interclub con RC Modena L.A. Muratori, RC Castelvetro Terra dei Rangoni, RC Carpi e RC Vignola<br>Castelfranco Emilia Bazzano. Protagonista della serata, che ha attirato 120 tra soci e invitati \u2013 fra cui anche una delegazione del Club 41 -Gian Stefano Spoto, giornalista di respiro internazionale e autore del libro \u201cDeserto Bianco\u201d, oggetto della presentazione. Come ci ha illustrato il nostro socio Carlo Bertoli, a cui si deve il coinvolgimento del nostro graditissimo ospite, Gian Stefano Spoto \u00e8 modenese di origine e giornalista dal 1978; per trent\u2019anni in Rai, dove ha ricoperto molteplici ruoli &#8211; da capo della cronaca del Tg2 alla vicedirezione di Raidue fino alla vicedirezione di Rai International &#8211; pochi giorni dopo lo scoppio della guerra di Gaza del 2014 parte per Gerusalemme come corrispondente e capo della sede Rai: da questa esperienza ha tratto \u201cMediorientati\u201d e \u201cDeserto Bianco\u201d.<br>Ci sono tanti modi di vedere una guerra, ci ha spiegato Gian Stefano Spoto intervistato dal nostro Prefetto Francesca Abbati Marescotti, e \u201cDeserto bianco\u201d \u00e8 un intreccio di storie che ha scoperto<br>mentre girava centinaia di servizi dal Medioriente durante e dopo la guerra di Gaza. Il titolo si ispira alla neve che, qualche mese dopo lo scoppio del conflitto nell\u2019agosto 2014, cadde su Israele e sulla Striscia, provocando la felicit\u00e0 dei bambini che non l\u2019avevano mai vista, ma causando anche diverse morti per congelamento a neonati che vivevano in zone non pi\u00f9 servite da centrali elettriche distrutte durante il conflitto.<br>Moltissime le vicende umane narrate da Spoto, e tutte a loro modo intense: quelle dolorose, quelle lievi, quelle tristi, quelle curiose, quelle drammatiche. E tutte, sta qui il punto fondamentale, accomunate da uno stesso destino, anzich\u00e9 essere contrapposte come si potrebbe pensare: c\u2019\u00e8 \u201cuna solidariet\u00e0 virtuale \u2013 scrive Spoto &#8211; fra gente che appartiene a blocchi contrapposti, ma che \u00e8 accomunata da drammi simili, di l\u00e0 e di qua dei muri.\u201d<br>\u00c8 cos\u00ec per due psicologi, Yudith che vive vicino a Gaza e Rasha Mahud che invece vive aldil\u00e0 del blocco in territorio israeliano, entrambi prima colpiti dagli effetti della guerra (Rasha in particolare ha visto la sua famiglia morire sotto i missili) e poi impegnati a sostenere psicologicamente la popolazione vittima del conflitto.<\/p>\n\n\n\n<p>Particolare effetto ha poi suscitato il racconto, accompagnato dalla proiezione di un count-down, del popolo dei 15 secondi: \u201cChi abita nel Negev ha il timore dei missili nel DNA, e quello non conosce tregue\u201d. Gli abitanti di Sderot, per esempio, \u201cfanno parte del popolo dei quindici secondi, quelli che hanno a disposizione per mettersi in salvo da un razzo.\u201d La stessa cosa vale per tanti altri piccoli villaggi intorno alla Striscia: \u201cIl popolo dei quindici, dei trenta secondi esce di casa solo raramente.<br>La sirena dell\u2019allarme \u00e8 un\u2019angosciosa incognita di salvezza\u201d. Sono territori disseminati di rifugi, ma a volte il tempo non \u00e8 sufficiente per raggiungerli, come ci ha raccontato Spoto.<br>E poi la storia di una madre, in un kibbutz di confine, che da quaranta giorni non si muove da una chaise-longue posta davanti ad un grande televisore, sempre acceso sulla cronaca della guerra.<br>Aspetta notizie del figlio impegnato al fronte, e non chiude mai la porta perch\u00e9 ha paura di sentire i soldati bussare per darle notizie che non vuole ricevere. E rappresenta tutte le madri con figli in guerra, israeliane e palestinesi.<br>Al termine della cena tante le domande poste al relatore, sia sulle complesse dinamiche internazionali che animano questo conflitto di cui non si vede la fine, sia sulle diverse culture e religioni che, al di fuori della Striscia di Gaza, convivono spesso pacificamente tanto in Medio Oriente quanto nel resto del mondo. Ha concluso la serata un lungo momento di firmacopie.<br>Francesca Abbati Marescotti<\/p>\n\n\n\n<figure class=\"wp-block-gallery has-nested-images columns-1 is-cropped wp-block-gallery-1 is-layout-flex wp-block-gallery-is-layout-flex\">\n<figure class=\"wp-block-image size-large\"><a href=\"https:\/\/www.rotarymodena.it\/wp-content\/uploads\/2024\/02\/Interclub.jpg\"><img loading=\"lazy\" decoding=\"async\" width=\"1024\" height=\"768\" data-id=\"9610\" src=\"https:\/\/www.rotarymodena.it\/wp-content\/uploads\/2024\/02\/Interclub-1024x768.jpg\" alt=\"\" class=\"wp-image-9610\" srcset=\"https:\/\/www.rotarymodena.it\/wp-content\/uploads\/2024\/02\/Interclub-1024x768.jpg 1024w, https:\/\/www.rotarymodena.it\/wp-content\/uploads\/2024\/02\/Interclub-300x225.jpg 300w, https:\/\/www.rotarymodena.it\/wp-content\/uploads\/2024\/02\/Interclub-150x113.jpg 150w, https:\/\/www.rotarymodena.it\/wp-content\/uploads\/2024\/02\/Interclub-768x576.jpg 768w, https:\/\/www.rotarymodena.it\/wp-content\/uploads\/2024\/02\/Interclub-1536x1152.jpg 1536w, https:\/\/www.rotarymodena.it\/wp-content\/uploads\/2024\/02\/Interclub.jpg 2048w\" sizes=\"auto, (max-width: 1024px) 100vw, 1024px\" \/><\/a><\/figure>\n\n\n\n<figure class=\"wp-block-image size-large\"><a href=\"https:\/\/www.rotarymodena.it\/wp-content\/uploads\/2024\/02\/intervista.jpg\"><img loading=\"lazy\" decoding=\"async\" width=\"1024\" height=\"768\" data-id=\"9611\" src=\"https:\/\/www.rotarymodena.it\/wp-content\/uploads\/2024\/02\/intervista-1024x768.jpg\" alt=\"\" class=\"wp-image-9611\" srcset=\"https:\/\/www.rotarymodena.it\/wp-content\/uploads\/2024\/02\/intervista-1024x768.jpg 1024w, https:\/\/www.rotarymodena.it\/wp-content\/uploads\/2024\/02\/intervista-300x225.jpg 300w, https:\/\/www.rotarymodena.it\/wp-content\/uploads\/2024\/02\/intervista-150x113.jpg 150w, https:\/\/www.rotarymodena.it\/wp-content\/uploads\/2024\/02\/intervista-768x576.jpg 768w, https:\/\/www.rotarymodena.it\/wp-content\/uploads\/2024\/02\/intervista-1536x1152.jpg 1536w, https:\/\/www.rotarymodena.it\/wp-content\/uploads\/2024\/02\/intervista.jpg 2048w\" sizes=\"auto, (max-width: 1024px) 100vw, 1024px\" \/><\/a><\/figure>\n\n\n\n<figure class=\"wp-block-image size-large\"><a href=\"https:\/\/www.rotarymodena.it\/wp-content\/uploads\/2024\/02\/ospiti.jpg\"><img loading=\"lazy\" decoding=\"async\" width=\"1024\" height=\"768\" data-id=\"9608\" src=\"https:\/\/www.rotarymodena.it\/wp-content\/uploads\/2024\/02\/ospiti-1024x768.jpg\" alt=\"\" class=\"wp-image-9608\" srcset=\"https:\/\/www.rotarymodena.it\/wp-content\/uploads\/2024\/02\/ospiti-1024x768.jpg 1024w, https:\/\/www.rotarymodena.it\/wp-content\/uploads\/2024\/02\/ospiti-300x225.jpg 300w, https:\/\/www.rotarymodena.it\/wp-content\/uploads\/2024\/02\/ospiti-150x113.jpg 150w, https:\/\/www.rotarymodena.it\/wp-content\/uploads\/2024\/02\/ospiti-768x576.jpg 768w, https:\/\/www.rotarymodena.it\/wp-content\/uploads\/2024\/02\/ospiti-1536x1152.jpg 1536w, https:\/\/www.rotarymodena.it\/wp-content\/uploads\/2024\/02\/ospiti.jpg 2048w\" sizes=\"auto, (max-width: 1024px) 100vw, 1024px\" \/><\/a><\/figure>\n\n\n\n<figure class=\"wp-block-image size-large\"><a href=\"https:\/\/www.rotarymodena.it\/wp-content\/uploads\/2024\/02\/platea.jpg\"><img loading=\"lazy\" decoding=\"async\" width=\"1024\" height=\"768\" data-id=\"9609\" src=\"https:\/\/www.rotarymodena.it\/wp-content\/uploads\/2024\/02\/platea-1024x768.jpg\" alt=\"\" class=\"wp-image-9609\" srcset=\"https:\/\/www.rotarymodena.it\/wp-content\/uploads\/2024\/02\/platea-1024x768.jpg 1024w, https:\/\/www.rotarymodena.it\/wp-content\/uploads\/2024\/02\/platea-300x225.jpg 300w, https:\/\/www.rotarymodena.it\/wp-content\/uploads\/2024\/02\/platea-150x113.jpg 150w, https:\/\/www.rotarymodena.it\/wp-content\/uploads\/2024\/02\/platea-768x576.jpg 768w, https:\/\/www.rotarymodena.it\/wp-content\/uploads\/2024\/02\/platea-1536x1152.jpg 1536w, https:\/\/www.rotarymodena.it\/wp-content\/uploads\/2024\/02\/platea.jpg 1600w\" sizes=\"auto, (max-width: 1024px) 100vw, 1024px\" \/><\/a><\/figure>\n\n\n\n<figure class=\"wp-block-image size-large\"><a href=\"https:\/\/www.rotarymodena.it\/wp-content\/uploads\/2024\/02\/platea2.jpg\"><img loading=\"lazy\" decoding=\"async\" width=\"1024\" height=\"470\" data-id=\"9607\" src=\"https:\/\/www.rotarymodena.it\/wp-content\/uploads\/2024\/02\/platea2-1024x470.jpg\" alt=\"\" class=\"wp-image-9607\" srcset=\"https:\/\/www.rotarymodena.it\/wp-content\/uploads\/2024\/02\/platea2-1024x470.jpg 1024w, https:\/\/www.rotarymodena.it\/wp-content\/uploads\/2024\/02\/platea2-300x138.jpg 300w, https:\/\/www.rotarymodena.it\/wp-content\/uploads\/2024\/02\/platea2-150x69.jpg 150w, https:\/\/www.rotarymodena.it\/wp-content\/uploads\/2024\/02\/platea2-768x352.jpg 768w, https:\/\/www.rotarymodena.it\/wp-content\/uploads\/2024\/02\/platea2-1536x705.jpg 1536w, https:\/\/www.rotarymodena.it\/wp-content\/uploads\/2024\/02\/platea2.jpg 1600w\" sizes=\"auto, (max-width: 1024px) 100vw, 1024px\" \/><\/a><\/figure>\n\n\n\n<figure class=\"wp-block-image size-large\"><a href=\"https:\/\/www.rotarymodena.it\/wp-content\/uploads\/2024\/02\/presentazione.jpg\"><img loading=\"lazy\" decoding=\"async\" width=\"1024\" height=\"768\" data-id=\"9612\" src=\"https:\/\/www.rotarymodena.it\/wp-content\/uploads\/2024\/02\/presentazione-1024x768.jpg\" alt=\"\" class=\"wp-image-9612\" srcset=\"https:\/\/www.rotarymodena.it\/wp-content\/uploads\/2024\/02\/presentazione-1024x768.jpg 1024w, https:\/\/www.rotarymodena.it\/wp-content\/uploads\/2024\/02\/presentazione-300x225.jpg 300w, https:\/\/www.rotarymodena.it\/wp-content\/uploads\/2024\/02\/presentazione-150x113.jpg 150w, https:\/\/www.rotarymodena.it\/wp-content\/uploads\/2024\/02\/presentazione-768x576.jpg 768w, https:\/\/www.rotarymodena.it\/wp-content\/uploads\/2024\/02\/presentazione-1536x1152.jpg 1536w, https:\/\/www.rotarymodena.it\/wp-content\/uploads\/2024\/02\/presentazione.jpg 2048w\" sizes=\"auto, (max-width: 1024px) 100vw, 1024px\" \/><\/a><\/figure>\n\n\n\n<figure class=\"wp-block-image size-large\"><a href=\"https:\/\/www.rotarymodena.it\/wp-content\/uploads\/2024\/02\/Saluti.jpg\"><img loading=\"lazy\" decoding=\"async\" width=\"1024\" height=\"768\" data-id=\"9613\" src=\"https:\/\/www.rotarymodena.it\/wp-content\/uploads\/2024\/02\/Saluti-1024x768.jpg\" alt=\"\" class=\"wp-image-9613\" srcset=\"https:\/\/www.rotarymodena.it\/wp-content\/uploads\/2024\/02\/Saluti-1024x768.jpg 1024w, https:\/\/www.rotarymodena.it\/wp-content\/uploads\/2024\/02\/Saluti-300x225.jpg 300w, https:\/\/www.rotarymodena.it\/wp-content\/uploads\/2024\/02\/Saluti-150x113.jpg 150w, https:\/\/www.rotarymodena.it\/wp-content\/uploads\/2024\/02\/Saluti-768x576.jpg 768w, https:\/\/www.rotarymodena.it\/wp-content\/uploads\/2024\/02\/Saluti-1536x1152.jpg 1536w, https:\/\/www.rotarymodena.it\/wp-content\/uploads\/2024\/02\/Saluti.jpg 1600w\" sizes=\"auto, (max-width: 1024px) 100vw, 1024px\" \/><\/a><\/figure>\n\n\n\n<figure class=\"wp-block-image size-large\"><a href=\"https:\/\/www.rotarymodena.it\/wp-content\/uploads\/2024\/02\/Serata.jpg\"><img loading=\"lazy\" decoding=\"async\" width=\"768\" height=\"1024\" data-id=\"9614\" src=\"https:\/\/www.rotarymodena.it\/wp-content\/uploads\/2024\/02\/Serata-768x1024.jpg\" alt=\"\" class=\"wp-image-9614\" srcset=\"https:\/\/www.rotarymodena.it\/wp-content\/uploads\/2024\/02\/Serata-768x1024.jpg 768w, https:\/\/www.rotarymodena.it\/wp-content\/uploads\/2024\/02\/Serata-225x300.jpg 225w, https:\/\/www.rotarymodena.it\/wp-content\/uploads\/2024\/02\/Serata-113x150.jpg 113w, https:\/\/www.rotarymodena.it\/wp-content\/uploads\/2024\/02\/Serata-1152x1536.jpg 1152w, https:\/\/www.rotarymodena.it\/wp-content\/uploads\/2024\/02\/Serata.jpg 1536w\" sizes=\"auto, (max-width: 768px) 100vw, 768px\" \/><\/a><\/figure>\n\n\n\n<figure class=\"wp-block-image size-large\"><a href=\"https:\/\/www.rotarymodena.it\/wp-content\/uploads\/2024\/02\/Tavoli.jpg\"><img loading=\"lazy\" decoding=\"async\" width=\"1024\" height=\"768\" data-id=\"9615\" src=\"https:\/\/www.rotarymodena.it\/wp-content\/uploads\/2024\/02\/Tavoli-1024x768.jpg\" alt=\"\" class=\"wp-image-9615\" srcset=\"https:\/\/www.rotarymodena.it\/wp-content\/uploads\/2024\/02\/Tavoli-1024x768.jpg 1024w, https:\/\/www.rotarymodena.it\/wp-content\/uploads\/2024\/02\/Tavoli-300x225.jpg 300w, https:\/\/www.rotarymodena.it\/wp-content\/uploads\/2024\/02\/Tavoli-150x113.jpg 150w, https:\/\/www.rotarymodena.it\/wp-content\/uploads\/2024\/02\/Tavoli-768x576.jpg 768w, https:\/\/www.rotarymodena.it\/wp-content\/uploads\/2024\/02\/Tavoli-1536x1152.jpg 1536w, https:\/\/www.rotarymodena.it\/wp-content\/uploads\/2024\/02\/Tavoli.jpg 2048w\" sizes=\"auto, (max-width: 1024px) 100vw, 1024px\" \/><\/a><\/figure>\n<\/figure>\n","protected":false},"excerpt":{"rendered":"<p>E\u2019 stata una conviviale molto partecipata quella dello scorso marted\u00ec, organizzata dal nostro Rotaryin Interclub con RC Modena L.A. Muratori, RC Castelvetro Terra dei Rangoni, RC Carpi e RC VignolaCastelfranco Emilia Bazzano. Protagonista della serata, che ha attirato 120 tra soci e invitati \u2013 fra cui anche una delegazione del Club 41 -Gian Stefano Spoto, [&hellip;]<\/p>\n","protected":false},"author":251,"featured_media":9608,"comment_status":"closed","ping_status":"closed","sticky":false,"template":"","format":"standard","meta":{"_acf_changed":false,"footnotes":""},"categories":[8],"tags":[],"class_list":["post-9606","post","type-post","status-publish","format-standard","has-post-thumbnail","hentry","category-news","has_thumb"],"acf":[],"_links":{"self":[{"href":"https:\/\/www.rotarymodena.it\/index.php?rest_route=\/wp\/v2\/posts\/9606","targetHints":{"allow":["GET"]}}],"collection":[{"href":"https:\/\/www.rotarymodena.it\/index.php?rest_route=\/wp\/v2\/posts"}],"about":[{"href":"https:\/\/www.rotarymodena.it\/index.php?rest_route=\/wp\/v2\/types\/post"}],"author":[{"embeddable":true,"href":"https:\/\/www.rotarymodena.it\/index.php?rest_route=\/wp\/v2\/users\/251"}],"replies":[{"embeddable":true,"href":"https:\/\/www.rotarymodena.it\/index.php?rest_route=%2Fwp%2Fv2%2Fcomments&post=9606"}],"version-history":[{"count":10,"href":"https:\/\/www.rotarymodena.it\/index.php?rest_route=\/wp\/v2\/posts\/9606\/revisions"}],"predecessor-version":[{"id":9625,"href":"https:\/\/www.rotarymodena.it\/index.php?rest_route=\/wp\/v2\/posts\/9606\/revisions\/9625"}],"wp:featuredmedia":[{"embeddable":true,"href":"https:\/\/www.rotarymodena.it\/index.php?rest_route=\/wp\/v2\/media\/9608"}],"wp:attachment":[{"href":"https:\/\/www.rotarymodena.it\/index.php?rest_route=%2Fwp%2Fv2%2Fmedia&parent=9606"}],"wp:term":[{"taxonomy":"category","embeddable":true,"href":"https:\/\/www.rotarymodena.it\/index.php?rest_route=%2Fwp%2Fv2%2Fcategories&post=9606"},{"taxonomy":"post_tag","embeddable":true,"href":"https:\/\/www.rotarymodena.it\/index.php?rest_route=%2Fwp%2Fv2%2Ftags&post=9606"}],"curies":[{"name":"wp","href":"https:\/\/api.w.org\/{rel}","templated":true}]}}