{"id":9584,"date":"2024-01-22T10:05:42","date_gmt":"2024-01-22T09:05:42","guid":{"rendered":"https:\/\/www.rotarymodena.it\/?p=9584"},"modified":"2024-01-22T10:05:42","modified_gmt":"2024-01-22T09:05:42","slug":"la-serata-con-il-sindaco-di-modena","status":"publish","type":"post","link":"https:\/\/www.rotarymodena.it\/?p=9584","title":{"rendered":"La serata con il Sindaco di Modena"},"content":{"rendered":"\n<p>Lo scorso marted\u00ec 16 gennaio si \u00e8 tenuta presso il ristorante Vinicio la conviviale in Interclub col Rotary Club Modena L.A. Muratori: relatore Gian Carlo Muzzarelli, Sindaco di Modena, che a giugno concluder\u00e0 il suo mandato. Oltre 100 i presenti, fra soci e ospiti dei due Club e del Rotaract Club Modena, a dimostrazione dell\u2019interesse della serata.<br>Accompagnato dalle immagini di un video che ripercorreva nascita, evoluzione e riqualificazione urbanistica di parti importanti della nostra citt\u00e0, il Sindaco ha illustrato i progetti di riqualificazione dell\u2019ex area del Mercato, dell\u2019ex Ospedale Sant\u2019Agostino, delle Fonderie, dell\u2019ex AMCM, soffermandosi poi sulla ristrutturazione in corso di Palazzo Solmi, che diventer\u00e0 la casa della modenesit\u00e0 e che, grazie alla disponibilit\u00e0 del nostro socio Giancarlo Iattici \u2013 Presidente della Societ\u00e0 del Sandrone \u2013 potrebbe accogliere le nostre conviviali negli anni a venire. E poi ancora il progetto che trasformer\u00e0 l\u2019area della stazione Piccola nella sede regionale della Fondazione ITS Maker e tanti altri interventi, fra cui la Complanarina e la creazione di case di comunit\u00e0 grazie ai fondi del PNRR. Importanti anche gli interventi previsti in collaborazione con l\u2019universit\u00e0 degli studi di Modena e Reggio Emilia, sia per la realizzazione di studentati sia per la demolizione e ricostruzioni di parte dei fabbricati che insistono da sempre su via Campi. Tutto questo, ci ha tenuto a sottolineare il Sindaco, \u00e8 stato ed \u00e8 possibile grazie al bilancio dell\u2019Amministrazione, che \u00e8 solido e che consentir\u00e0 di chiudere questi suoi 10 anni di mandato con circa 500 milioni di euro di investimenti. \u00abLa rigenerazione urbana &#8211; ha detto &#8211; ha cambiato il paradigma degli ultimi anni, mentre il Piano urbanistico generale \u00e8 la pi\u00f9 grande eredit\u00e0 politica che lasciamo alla nostra comunit\u00e0\u00bb.<br>In chiusura della serata diverse le domande poste al Sindaco, compreso come immagina il suo futuro: \u201cle mie possibilit\u00e0 e capacit\u00e0 rimangono a servizio di questa comunit\u00e0 anche nel prossimo futuro \u2013 ha risposto il Sindaco &#8211; sono disponibile a dare una mano sempre e in qualunque momento\u00bb.<br>ROTARY CLUB MODENA A.R. 2023-2024<\/p>\n\n\n\n<p>Al termine dell\u2019incontro il tradizionale scambio di omaggi e gagliardetti fra i Presidenti Carlo Ventura, Carlo Alberto Bulgarelli, Giorgio Rebucci e il Sindaco.<br>Rinnovo l\u2019invito a partecipare marted\u00ec prossimo alla serata dedicata a Mirella Freni, che rivivremo nelle parole del giornalista Alberto Mattioli e della figlia di Mirella, Micaela Magiera. Sempre da Vinicio.<br>I migliori saluti<br>Francesca Abbati Marescotti<\/p>\n\n\n\n<figure class=\"wp-block-gallery has-nested-images columns-1 is-cropped wp-block-gallery-1 is-layout-flex wp-block-gallery-is-layout-flex\">\n<figure class=\"wp-block-image size-large\"><a href=\"https:\/\/www.rotarymodena.it\/wp-content\/uploads\/2024\/01\/Benvenuto.jpg\"><img loading=\"lazy\" decoding=\"async\" width=\"1024\" height=\"768\" data-id=\"9585\" src=\"https:\/\/www.rotarymodena.it\/wp-content\/uploads\/2024\/01\/Benvenuto-1024x768.jpg\" alt=\"\" class=\"wp-image-9585\" srcset=\"https:\/\/www.rotarymodena.it\/wp-content\/uploads\/2024\/01\/Benvenuto-1024x768.jpg 1024w, https:\/\/www.rotarymodena.it\/wp-content\/uploads\/2024\/01\/Benvenuto-300x225.jpg 300w, https:\/\/www.rotarymodena.it\/wp-content\/uploads\/2024\/01\/Benvenuto-150x113.jpg 150w, https:\/\/www.rotarymodena.it\/wp-content\/uploads\/2024\/01\/Benvenuto-768x576.jpg 768w, https:\/\/www.rotarymodena.it\/wp-content\/uploads\/2024\/01\/Benvenuto-1536x1152.jpg 1536w, https:\/\/www.rotarymodena.it\/wp-content\/uploads\/2024\/01\/Benvenuto.jpg 2048w\" sizes=\"auto, (max-width: 1024px) 100vw, 1024px\" \/><\/a><\/figure>\n\n\n\n<figure class=\"wp-block-image size-large\"><a href=\"https:\/\/www.rotarymodena.it\/wp-content\/uploads\/2024\/01\/la-relazione.jpg\"><img loading=\"lazy\" decoding=\"async\" width=\"768\" height=\"1024\" data-id=\"9587\" src=\"https:\/\/www.rotarymodena.it\/wp-content\/uploads\/2024\/01\/la-relazione-768x1024.jpg\" alt=\"\" class=\"wp-image-9587\" srcset=\"https:\/\/www.rotarymodena.it\/wp-content\/uploads\/2024\/01\/la-relazione-768x1024.jpg 768w, https:\/\/www.rotarymodena.it\/wp-content\/uploads\/2024\/01\/la-relazione-225x300.jpg 225w, https:\/\/www.rotarymodena.it\/wp-content\/uploads\/2024\/01\/la-relazione-113x150.jpg 113w, https:\/\/www.rotarymodena.it\/wp-content\/uploads\/2024\/01\/la-relazione-1152x1536.jpg 1152w, https:\/\/www.rotarymodena.it\/wp-content\/uploads\/2024\/01\/la-relazione.jpg 1536w\" sizes=\"auto, (max-width: 768px) 100vw, 768px\" \/><\/a><\/figure>\n\n\n\n<figure class=\"wp-block-image size-large\"><a href=\"https:\/\/www.rotarymodena.it\/wp-content\/uploads\/2024\/01\/Presidenti_Sindaco.jpg\"><img loading=\"lazy\" decoding=\"async\" width=\"768\" height=\"1024\" data-id=\"9588\" src=\"https:\/\/www.rotarymodena.it\/wp-content\/uploads\/2024\/01\/Presidenti_Sindaco-768x1024.jpg\" alt=\"\" class=\"wp-image-9588\" srcset=\"https:\/\/www.rotarymodena.it\/wp-content\/uploads\/2024\/01\/Presidenti_Sindaco-768x1024.jpg 768w, https:\/\/www.rotarymodena.it\/wp-content\/uploads\/2024\/01\/Presidenti_Sindaco-225x300.jpg 225w, https:\/\/www.rotarymodena.it\/wp-content\/uploads\/2024\/01\/Presidenti_Sindaco-113x150.jpg 113w, https:\/\/www.rotarymodena.it\/wp-content\/uploads\/2024\/01\/Presidenti_Sindaco-1152x1536.jpg 1152w, https:\/\/www.rotarymodena.it\/wp-content\/uploads\/2024\/01\/Presidenti_Sindaco.jpg 1536w\" sizes=\"auto, (max-width: 768px) 100vw, 768px\" \/><\/a><\/figure>\n\n\n\n<figure class=\"wp-block-image size-large\"><a href=\"https:\/\/www.rotarymodena.it\/wp-content\/uploads\/2024\/01\/Rotaract-Modena-e-Sindaco.jpg\"><img loading=\"lazy\" decoding=\"async\" width=\"1024\" height=\"768\" data-id=\"9586\" src=\"https:\/\/www.rotarymodena.it\/wp-content\/uploads\/2024\/01\/Rotaract-Modena-e-Sindaco-1024x768.jpg\" alt=\"\" class=\"wp-image-9586\" srcset=\"https:\/\/www.rotarymodena.it\/wp-content\/uploads\/2024\/01\/Rotaract-Modena-e-Sindaco-1024x768.jpg 1024w, https:\/\/www.rotarymodena.it\/wp-content\/uploads\/2024\/01\/Rotaract-Modena-e-Sindaco-300x225.jpg 300w, https:\/\/www.rotarymodena.it\/wp-content\/uploads\/2024\/01\/Rotaract-Modena-e-Sindaco-150x113.jpg 150w, https:\/\/www.rotarymodena.it\/wp-content\/uploads\/2024\/01\/Rotaract-Modena-e-Sindaco-768x576.jpg 768w, https:\/\/www.rotarymodena.it\/wp-content\/uploads\/2024\/01\/Rotaract-Modena-e-Sindaco-1536x1152.jpg 1536w, https:\/\/www.rotarymodena.it\/wp-content\/uploads\/2024\/01\/Rotaract-Modena-e-Sindaco.jpg 2048w\" sizes=\"auto, (max-width: 1024px) 100vw, 1024px\" \/><\/a><\/figure>\n\n\n\n<figure class=\"wp-block-image size-large\"><a href=\"https:\/\/www.rotarymodena.it\/wp-content\/uploads\/2024\/01\/saluti.jpg\"><img loading=\"lazy\" decoding=\"async\" width=\"1024\" height=\"768\" data-id=\"9589\" src=\"https:\/\/www.rotarymodena.it\/wp-content\/uploads\/2024\/01\/saluti-1024x768.jpg\" alt=\"\" class=\"wp-image-9589\" srcset=\"https:\/\/www.rotarymodena.it\/wp-content\/uploads\/2024\/01\/saluti-1024x768.jpg 1024w, https:\/\/www.rotarymodena.it\/wp-content\/uploads\/2024\/01\/saluti-300x225.jpg 300w, https:\/\/www.rotarymodena.it\/wp-content\/uploads\/2024\/01\/saluti-150x113.jpg 150w, https:\/\/www.rotarymodena.it\/wp-content\/uploads\/2024\/01\/saluti-768x576.jpg 768w, https:\/\/www.rotarymodena.it\/wp-content\/uploads\/2024\/01\/saluti-1536x1152.jpg 1536w, https:\/\/www.rotarymodena.it\/wp-content\/uploads\/2024\/01\/saluti.jpg 2048w\" sizes=\"auto, (max-width: 1024px) 100vw, 1024px\" \/><\/a><\/figure>\n<\/figure>\n","protected":false},"excerpt":{"rendered":"<p>Lo scorso marted\u00ec 16 gennaio si \u00e8 tenuta presso il ristorante Vinicio la conviviale in Interclub col Rotary Club Modena L.A. Muratori: relatore Gian Carlo Muzzarelli, Sindaco di Modena, che a giugno concluder\u00e0 il suo mandato. Oltre 100 i presenti, fra soci e ospiti dei due Club e del Rotaract Club Modena, a dimostrazione dell\u2019interesse [&hellip;]<\/p>\n","protected":false},"author":251,"featured_media":9588,"comment_status":"open","ping_status":"closed","sticky":false,"template":"","format":"standard","meta":{"_acf_changed":false,"footnotes":""},"categories":[8],"tags":[],"class_list":["post-9584","post","type-post","status-publish","format-standard","has-post-thumbnail","hentry","category-news","has_thumb"],"acf":[],"_links":{"self":[{"href":"https:\/\/www.rotarymodena.it\/index.php?rest_route=\/wp\/v2\/posts\/9584","targetHints":{"allow":["GET"]}}],"collection":[{"href":"https:\/\/www.rotarymodena.it\/index.php?rest_route=\/wp\/v2\/posts"}],"about":[{"href":"https:\/\/www.rotarymodena.it\/index.php?rest_route=\/wp\/v2\/types\/post"}],"author":[{"embeddable":true,"href":"https:\/\/www.rotarymodena.it\/index.php?rest_route=\/wp\/v2\/users\/251"}],"replies":[{"embeddable":true,"href":"https:\/\/www.rotarymodena.it\/index.php?rest_route=%2Fwp%2Fv2%2Fcomments&post=9584"}],"version-history":[{"count":1,"href":"https:\/\/www.rotarymodena.it\/index.php?rest_route=\/wp\/v2\/posts\/9584\/revisions"}],"predecessor-version":[{"id":9590,"href":"https:\/\/www.rotarymodena.it\/index.php?rest_route=\/wp\/v2\/posts\/9584\/revisions\/9590"}],"wp:featuredmedia":[{"embeddable":true,"href":"https:\/\/www.rotarymodena.it\/index.php?rest_route=\/wp\/v2\/media\/9588"}],"wp:attachment":[{"href":"https:\/\/www.rotarymodena.it\/index.php?rest_route=%2Fwp%2Fv2%2Fmedia&parent=9584"}],"wp:term":[{"taxonomy":"category","embeddable":true,"href":"https:\/\/www.rotarymodena.it\/index.php?rest_route=%2Fwp%2Fv2%2Fcategories&post=9584"},{"taxonomy":"post_tag","embeddable":true,"href":"https:\/\/www.rotarymodena.it\/index.php?rest_route=%2Fwp%2Fv2%2Ftags&post=9584"}],"curies":[{"name":"wp","href":"https:\/\/api.w.org\/{rel}","templated":true}]}}