{"id":9570,"date":"2024-01-17T09:31:09","date_gmt":"2024-01-17T08:31:09","guid":{"rendered":"https:\/\/www.rotarymodena.it\/?p=9570"},"modified":"2024-01-17T09:37:26","modified_gmt":"2024-01-17T08:37:26","slug":"resoconto-del-caminetto-del-9-gennaio-2024","status":"publish","type":"post","link":"https:\/\/www.rotarymodena.it\/?p=9570","title":{"rendered":"Resoconto del Caminetto del 9 Gennaio 2024"},"content":{"rendered":"\n<p>Abbiamo iniziato l\u2019anno ritrovandoci alla Dispensa Emilia del nostro socio e amico Alfiero Fucelli per il primo caminetto del 2024. Una location e una cena come sempre molto gradite e \u2026golose!<br>La dieta la lasciamo agli altri giorni della settimana.<br>In apertura della serata il Presidente Carlo Ventura ha ricordato le apprezzate iniziative che ci hanno portato alle feste natalizie e gli appuntamenti di inizio anno, tutti molto interessanti: cominceremo il 16 gennaio da Vinicio con il Sindaco Gian Carlo Muzzarelli che ci presenter\u00e0 il rendiconto di quanto fatto dalla sua amministrazione negli ultimi anni, con una relazione dal titolo \u201cIl punto sulla citt\u00e0. Il rapporto di fine mandato\u201d. La serata sar\u00e0 in Interclub con il Rotary L.A. Muratori, organizzatore della conviviale.<br>Anche il 23 gennaio saremo da Vinicio: ospite e protagonista della serata sar\u00e0 il giornalista Alberto Mattioli che, con il suo stile inconfondibile, terr\u00e0 una relazione su vita e opere della nostra straordinaria concittadina Mirella Freni.<br>Seguir\u00e0 poi un appuntamento con il Gruppo Ghirlandina, che ha organizzato per il 25 gennaio (importante, l\u2019inizio \u00e8 alle 19!) una Lectio magistralis tenuta dal professor Maurizio Ferraris, che parler\u00e0 del rapporto fra linguaggio e intelligenza artificiale.<br>Il Presidente Ventura ha poi aggiunto due altre importanti comunicazioni: la prima sul Service \u201cOrti Terapeutici\u201d. Si tratta del Service annuale proposto dal Governatore del nostro Distretto e che il nostro Presidente ha preso a cuore, coinvolgendo anche la consorte Monica (\u00e8 un Progetto Famiglia, aperto quindi non solo ai soci ma anche ai familiari) altrettanto entusiasta e impegnata nell\u2019organizzazione. Prevede l\u2019allestimento di piccoli orti presso alcune strutture per anziani della provincia di Modena. Servono braccia volonterose per confezionare questi orti, pollice verde non indispensabile, attivit\u00e0 non faticosa e sicuramente molto divertente! Sar\u00e0 sufficiente presentarsi con un paio di guanti per lavorare il terriccio, il resto sar\u00e0 fornito da Setti Ferramenta. I soci interessati sono pregati di segnalare la propria disponibilit\u00e0 alla nostra Mariapaola.<br>Pi\u00f9 impegnativa la seconda chiamata: dopo qualche anno di pausa, quest&#8217;anno riprende il Palio degli Aceti, che mette in competizione fra loro gli aceti prodotti dalle famiglie dei rotariani del Gruppo Ghirlandina e di Amici che vorrete coinvolgere nell&#8217;iniziativa. I termini della \u201cdisfida\u201d prevedono che entro la fine di gennaio vengano consegnati i campioni di aceto balsamico posti in apposite boccette fornite dal Socio Mario Gambigliani Zoccoli. Per ogni informazione \u00e8 a disposizione Mariapaola. La serata con la cerimonia di premiazione si terr\u00e0 il 7 Maggio.<br>In ultimo, segnatevi la data del 6 febbraio: sar\u00e0 nostro ospite il giornalista Gian Stefano Spoto, modenese di nascita con un ricco palmares di incarichi nazionali e internazionali, che presenter\u00e0 il libro Deserto Bianco, frutto della sua esperienza di inviato a Gerusalemme come corrispondente RAI sul conflitto israelo-palestinese.<\/p>\n\n\n\n<p>I pi\u00f9 cordiali saluti<br>Francesca<\/p>\n\n\n\n<figure class=\"wp-block-gallery has-nested-images columns-1 is-cropped wp-block-gallery-1 is-layout-flex wp-block-gallery-is-layout-flex\">\n<figure class=\"wp-block-image size-large\"><a href=\"https:\/\/www.rotarymodena.it\/wp-content\/uploads\/2024\/01\/Dispensa.jpg\"><img loading=\"lazy\" decoding=\"async\" width=\"768\" height=\"1024\" data-id=\"9571\" src=\"https:\/\/www.rotarymodena.it\/wp-content\/uploads\/2024\/01\/Dispensa-768x1024.jpg\" alt=\"\" class=\"wp-image-9571\" srcset=\"https:\/\/www.rotarymodena.it\/wp-content\/uploads\/2024\/01\/Dispensa-768x1024.jpg 768w, https:\/\/www.rotarymodena.it\/wp-content\/uploads\/2024\/01\/Dispensa-225x300.jpg 225w, https:\/\/www.rotarymodena.it\/wp-content\/uploads\/2024\/01\/Dispensa-113x150.jpg 113w, https:\/\/www.rotarymodena.it\/wp-content\/uploads\/2024\/01\/Dispensa-1152x1536.jpg 1152w, https:\/\/www.rotarymodena.it\/wp-content\/uploads\/2024\/01\/Dispensa.jpg 1200w\" sizes=\"auto, (max-width: 768px) 100vw, 768px\" \/><\/a><\/figure>\n\n\n\n<figure class=\"wp-block-image size-large\"><a href=\"https:\/\/www.rotarymodena.it\/wp-content\/uploads\/2024\/01\/Presenti.jpg\"><img loading=\"lazy\" decoding=\"async\" width=\"768\" height=\"1024\" data-id=\"9572\" src=\"https:\/\/www.rotarymodena.it\/wp-content\/uploads\/2024\/01\/Presenti-768x1024.jpg\" alt=\"\" class=\"wp-image-9572\" srcset=\"https:\/\/www.rotarymodena.it\/wp-content\/uploads\/2024\/01\/Presenti-768x1024.jpg 768w, https:\/\/www.rotarymodena.it\/wp-content\/uploads\/2024\/01\/Presenti-225x300.jpg 225w, https:\/\/www.rotarymodena.it\/wp-content\/uploads\/2024\/01\/Presenti-113x150.jpg 113w, https:\/\/www.rotarymodena.it\/wp-content\/uploads\/2024\/01\/Presenti-1152x1536.jpg 1152w, https:\/\/www.rotarymodena.it\/wp-content\/uploads\/2024\/01\/Presenti.jpg 1200w\" sizes=\"auto, (max-width: 768px) 100vw, 768px\" \/><\/a><\/figure>\n\n\n\n<figure class=\"wp-block-image size-large\"><a href=\"https:\/\/www.rotarymodena.it\/wp-content\/uploads\/2024\/01\/Presidente.jpg\"><img loading=\"lazy\" decoding=\"async\" width=\"768\" height=\"1024\" data-id=\"9573\" src=\"https:\/\/www.rotarymodena.it\/wp-content\/uploads\/2024\/01\/Presidente-768x1024.jpg\" alt=\"\" class=\"wp-image-9573\" srcset=\"https:\/\/www.rotarymodena.it\/wp-content\/uploads\/2024\/01\/Presidente-768x1024.jpg 768w, https:\/\/www.rotarymodena.it\/wp-content\/uploads\/2024\/01\/Presidente-225x300.jpg 225w, https:\/\/www.rotarymodena.it\/wp-content\/uploads\/2024\/01\/Presidente-113x150.jpg 113w, https:\/\/www.rotarymodena.it\/wp-content\/uploads\/2024\/01\/Presidente-1152x1536.jpg 1152w, https:\/\/www.rotarymodena.it\/wp-content\/uploads\/2024\/01\/Presidente.jpg 1200w\" sizes=\"auto, (max-width: 768px) 100vw, 768px\" \/><\/a><\/figure>\n\n\n\n<figure class=\"wp-block-image size-large\"><a href=\"https:\/\/www.rotarymodena.it\/wp-content\/uploads\/2024\/01\/Soci.jpg\"><img loading=\"lazy\" decoding=\"async\" width=\"768\" height=\"1024\" data-id=\"9575\" src=\"https:\/\/www.rotarymodena.it\/wp-content\/uploads\/2024\/01\/Soci-768x1024.jpg\" alt=\"\" class=\"wp-image-9575\" srcset=\"https:\/\/www.rotarymodena.it\/wp-content\/uploads\/2024\/01\/Soci-768x1024.jpg 768w, https:\/\/www.rotarymodena.it\/wp-content\/uploads\/2024\/01\/Soci-225x300.jpg 225w, https:\/\/www.rotarymodena.it\/wp-content\/uploads\/2024\/01\/Soci-113x150.jpg 113w, https:\/\/www.rotarymodena.it\/wp-content\/uploads\/2024\/01\/Soci-1152x1536.jpg 1152w, https:\/\/www.rotarymodena.it\/wp-content\/uploads\/2024\/01\/Soci.jpg 1200w\" sizes=\"auto, (max-width: 768px) 100vw, 768px\" \/><\/a><\/figure>\n\n\n\n<figure class=\"wp-block-image size-large\"><a href=\"https:\/\/www.rotarymodena.it\/wp-content\/uploads\/2024\/01\/tavolata.jpg\"><img loading=\"lazy\" decoding=\"async\" width=\"768\" height=\"1024\" data-id=\"9574\" src=\"https:\/\/www.rotarymodena.it\/wp-content\/uploads\/2024\/01\/tavolata-768x1024.jpg\" alt=\"\" class=\"wp-image-9574\" srcset=\"https:\/\/www.rotarymodena.it\/wp-content\/uploads\/2024\/01\/tavolata-768x1024.jpg 768w, https:\/\/www.rotarymodena.it\/wp-content\/uploads\/2024\/01\/tavolata-225x300.jpg 225w, https:\/\/www.rotarymodena.it\/wp-content\/uploads\/2024\/01\/tavolata-113x150.jpg 113w, https:\/\/www.rotarymodena.it\/wp-content\/uploads\/2024\/01\/tavolata-1152x1536.jpg 1152w, https:\/\/www.rotarymodena.it\/wp-content\/uploads\/2024\/01\/tavolata.jpg 1200w\" sizes=\"auto, (max-width: 768px) 100vw, 768px\" \/><\/a><\/figure>\n<\/figure>\n","protected":false},"excerpt":{"rendered":"<p>Abbiamo iniziato l\u2019anno ritrovandoci alla Dispensa Emilia del nostro socio e amico Alfiero Fucelli per il primo caminetto del 2024. Una location e una cena come sempre molto gradite e \u2026golose!La dieta la lasciamo agli altri giorni della settimana.In apertura della serata il Presidente Carlo Ventura ha ricordato le apprezzate iniziative che ci hanno portato [&hellip;]<\/p>\n","protected":false},"author":251,"featured_media":9573,"comment_status":"open","ping_status":"closed","sticky":false,"template":"","format":"standard","meta":{"_acf_changed":false,"footnotes":""},"categories":[8],"tags":[],"class_list":["post-9570","post","type-post","status-publish","format-standard","has-post-thumbnail","hentry","category-news","has_thumb"],"acf":[],"_links":{"self":[{"href":"https:\/\/www.rotarymodena.it\/index.php?rest_route=\/wp\/v2\/posts\/9570","targetHints":{"allow":["GET"]}}],"collection":[{"href":"https:\/\/www.rotarymodena.it\/index.php?rest_route=\/wp\/v2\/posts"}],"about":[{"href":"https:\/\/www.rotarymodena.it\/index.php?rest_route=\/wp\/v2\/types\/post"}],"author":[{"embeddable":true,"href":"https:\/\/www.rotarymodena.it\/index.php?rest_route=\/wp\/v2\/users\/251"}],"replies":[{"embeddable":true,"href":"https:\/\/www.rotarymodena.it\/index.php?rest_route=%2Fwp%2Fv2%2Fcomments&post=9570"}],"version-history":[{"count":8,"href":"https:\/\/www.rotarymodena.it\/index.php?rest_route=\/wp\/v2\/posts\/9570\/revisions"}],"predecessor-version":[{"id":9583,"href":"https:\/\/www.rotarymodena.it\/index.php?rest_route=\/wp\/v2\/posts\/9570\/revisions\/9583"}],"wp:featuredmedia":[{"embeddable":true,"href":"https:\/\/www.rotarymodena.it\/index.php?rest_route=\/wp\/v2\/media\/9573"}],"wp:attachment":[{"href":"https:\/\/www.rotarymodena.it\/index.php?rest_route=%2Fwp%2Fv2%2Fmedia&parent=9570"}],"wp:term":[{"taxonomy":"category","embeddable":true,"href":"https:\/\/www.rotarymodena.it\/index.php?rest_route=%2Fwp%2Fv2%2Fcategories&post=9570"},{"taxonomy":"post_tag","embeddable":true,"href":"https:\/\/www.rotarymodena.it\/index.php?rest_route=%2Fwp%2Fv2%2Ftags&post=9570"}],"curies":[{"name":"wp","href":"https:\/\/api.w.org\/{rel}","templated":true}]}}