{"id":9235,"date":"2023-09-11T14:48:34","date_gmt":"2023-09-11T13:48:34","guid":{"rendered":"https:\/\/www.rotarymodena.it\/?p=9235"},"modified":"2023-09-11T14:48:51","modified_gmt":"2023-09-11T13:48:51","slug":"resoconto-del-caminetto-del-29-agosto-2023","status":"publish","type":"post","link":"https:\/\/www.rotarymodena.it\/?p=9235","title":{"rendered":"Resoconto del Caminetto del 29 agosto 2023"},"content":{"rendered":"\n<p>Prima prova di ripartenza per il nostro club marted\u00ec scorso, con un caminetto alla Mensa Ghirlandina. Una ventina i presenti \u2013 molti, evidentemente, i Soci ancora in ferie &#8211; che si sono ritrovati per passare un paio d\u2019ore insieme e discutere del ricco programma di appuntamenti che ci vedranno coinvolti nel mese di settembre. Appuntamenti spesso in Interclub con altri \u2013 come ha illustrato il Presidente Carlo Ventura \u2013 a sottolineare le strette relazioni esistenti fra i rotariani del nostro territorio, e in particolare con i giovani e le giovani del Rotaract e dell\u2019Interact.<br>Vediamoli velocemente: il primo appuntamento che ci aspetta \u2013 dato che marted\u00ec 5 si terr\u00e0 il Consiglio Direttivo \u2013 \u00e8 l\u2019interessante serata in interclub organizzata dal Rotary Club Carpi al ristorante \u201cL\u2019Anatra\u201d, che vedr\u00e0 protagonista la nostra Socia e Segretaria Onorevole Avvocato Daniela Dondi. Titolo dell\u2019incontro \u201cDaniela Dondi, una rotariana in Parlamento. Una professionista modenese: straordinaria storia di leadership femminile\u201d.<br>Appuntamento poi domenica 17 settembre alle 16.30 in Piazza Grande con la lectio magistralis Rotary tenuta da Stefano Massini nell\u2019ambito del Festival Filosofia: \u201cOdio e Amore, di cosa \u00e8 capace la parola\u201d. A seguire, rinfresco per tutti in una nuova location per il nostro club, il Bistrot Stappiamo di Via Sant\u2019Eufemia. Ricordiamo che si tratta di un evento in Interclub con Rotary Club Modena L.A.Muratori, RC Castelvetro Terra dei Rangoni, RC Frignano, RC Sassuolo, RC Vignola-Castelfranco Emilia -Bazzano.<br>Due giorni dopo, marted\u00ec 19 settembre, sar\u00e0 la volta giovani del Rotaract Club Modena e dell\u2019Interact Club Modena Muratori che al \u201cVolt Caf\u00e9 Pub &amp; Bar\u201d (Viale Buon Pastore, 43 \u2013 Mo) ci illustreranno i loro programmi per l\u2019annata 2023-2024.<br>Infine, l\u2019appuntamento annuale pi\u00f9 importante per ogni club: la visita del Governatore del Distretto 2072 Fiorella Sgallari, che si terr\u00e0 marted\u00ec 26 settembre da Vinicio. Convocazione a partire dalle 17 per tutti coloro che saranno chiamati a partecipare alle riunioni con il Governatore, e dalle 20 conviviale per Soci e coniugi.<br>Bella iniziativa Distrettuale poi quella prevista per domenica 24 settembre, a Bologna: la Commissione Sport del Distretto 2072 sta infatti organizzando la partecipazione del Rotary con una squadra di un centinaio fra Soci e Socie del Distretto alla famosa &#8220;RACE FOR THE CURE&#8221;, la manifestazione pi\u00f9 importante in Italia per la lotta al tumore al seno. I partecipanti potranno scegliere se fare la camminata di 2 km o la corsa non competitiva di 5 km, che partiranno dai Giardini Margherita. Nei prossimi giorni riceverete una comunicazione specifica con le modalit\u00e0 di iscrizione.<br>Infine, Roberto Dino Villani come Presidente della Commissione Fellowship ha anticipato l\u2019intenzione di programmare nel corso dell\u2019annata qualche uscita giornalieria con i soci appassionati di auto d\u2019epoca e ha illustrato l\u2019iniziativa \u201cL\u2019Emilia-Romagna e i suoi miti\u201d organizzata da ARACI (Associazione Rotariana Automobili Classiche Italia), che si terr\u00e0 dal 12 al 15 ottobre sul nostro territorio, con un ricco programma di tappe e visite guidate. Il programma prevede pernottamenti e attivit\u00e0 per 4 giorni \u2013 fra cui visita all\u2019Acetaia del nostro socio Mario Gambigliani Zoccoli, alla Maserati e al Museo Ferrari di Maranello &#8211; ma si pu\u00f2 partecipare anche solo ad alcune di queste. Il venerd\u00ec sera \u00e8 poi prevista la cena al Golf Cuntry Club di Colombaro, con la partecipazione del Governatore Sgallari e dei rappresentanti di diversi Club. Programma e iscrizioni sul sito web: aracirotary.it<br>In chiusura ricordo a Socie e Soci che non l\u2019avessero ancora fatto di compilare il Questionario di Gradimento il prima possibile, grazie.<br>Appuntamento a gioved\u00ec 7 settembre!<br><br>Cari saluti<br>Francesca Abbati Marescotti<\/p>\n\n\n\n<figure class=\"wp-block-gallery has-nested-images columns-1 is-cropped wp-block-gallery-1 is-layout-flex wp-block-gallery-is-layout-flex\">\n<figure class=\"wp-block-image size-large\"><a href=\"https:\/\/www.rotarymodena.it\/wp-content\/uploads\/2023\/09\/FOTO-1.jpg\"><img loading=\"lazy\" decoding=\"async\" width=\"768\" height=\"1024\" data-id=\"9237\" src=\"https:\/\/www.rotarymodena.it\/wp-content\/uploads\/2023\/09\/FOTO-1-768x1024.jpg\" alt=\"\" class=\"wp-image-9237\" srcset=\"https:\/\/www.rotarymodena.it\/wp-content\/uploads\/2023\/09\/FOTO-1-768x1024.jpg 768w, https:\/\/www.rotarymodena.it\/wp-content\/uploads\/2023\/09\/FOTO-1-225x300.jpg 225w, https:\/\/www.rotarymodena.it\/wp-content\/uploads\/2023\/09\/FOTO-1-113x150.jpg 113w, https:\/\/www.rotarymodena.it\/wp-content\/uploads\/2023\/09\/FOTO-1-1152x1536.jpg 1152w, https:\/\/www.rotarymodena.it\/wp-content\/uploads\/2023\/09\/FOTO-1.jpg 1536w\" sizes=\"auto, (max-width: 768px) 100vw, 768px\" \/><\/a><\/figure>\n\n\n\n<figure class=\"wp-block-image size-large\"><a href=\"https:\/\/www.rotarymodena.it\/wp-content\/uploads\/2023\/09\/FOTO-2.jpg\"><img loading=\"lazy\" decoding=\"async\" width=\"768\" height=\"1024\" data-id=\"9236\" src=\"https:\/\/www.rotarymodena.it\/wp-content\/uploads\/2023\/09\/FOTO-2-768x1024.jpg\" alt=\"\" class=\"wp-image-9236\" srcset=\"https:\/\/www.rotarymodena.it\/wp-content\/uploads\/2023\/09\/FOTO-2-768x1024.jpg 768w, https:\/\/www.rotarymodena.it\/wp-content\/uploads\/2023\/09\/FOTO-2-225x300.jpg 225w, https:\/\/www.rotarymodena.it\/wp-content\/uploads\/2023\/09\/FOTO-2-113x150.jpg 113w, https:\/\/www.rotarymodena.it\/wp-content\/uploads\/2023\/09\/FOTO-2-1152x1536.jpg 1152w, https:\/\/www.rotarymodena.it\/wp-content\/uploads\/2023\/09\/FOTO-2.jpg 1536w\" sizes=\"auto, (max-width: 768px) 100vw, 768px\" \/><\/a><\/figure>\n<\/figure>\n","protected":false},"excerpt":{"rendered":"<p>Prima prova di ripartenza per il nostro club marted\u00ec scorso, con un caminetto alla Mensa Ghirlandina. Una ventina i presenti \u2013 molti, evidentemente, i Soci ancora in ferie &#8211; che si sono ritrovati per passare un paio d\u2019ore insieme e discutere del ricco programma di appuntamenti che ci vedranno coinvolti nel mese di settembre. Appuntamenti [&hellip;]<\/p>\n","protected":false},"author":251,"featured_media":9236,"comment_status":"open","ping_status":"closed","sticky":false,"template":"","format":"standard","meta":{"_acf_changed":false,"footnotes":""},"categories":[8],"tags":[],"class_list":["post-9235","post","type-post","status-publish","format-standard","has-post-thumbnail","hentry","category-news","has_thumb"],"acf":[],"_links":{"self":[{"href":"https:\/\/www.rotarymodena.it\/index.php?rest_route=\/wp\/v2\/posts\/9235","targetHints":{"allow":["GET"]}}],"collection":[{"href":"https:\/\/www.rotarymodena.it\/index.php?rest_route=\/wp\/v2\/posts"}],"about":[{"href":"https:\/\/www.rotarymodena.it\/index.php?rest_route=\/wp\/v2\/types\/post"}],"author":[{"embeddable":true,"href":"https:\/\/www.rotarymodena.it\/index.php?rest_route=\/wp\/v2\/users\/251"}],"replies":[{"embeddable":true,"href":"https:\/\/www.rotarymodena.it\/index.php?rest_route=%2Fwp%2Fv2%2Fcomments&post=9235"}],"version-history":[{"count":2,"href":"https:\/\/www.rotarymodena.it\/index.php?rest_route=\/wp\/v2\/posts\/9235\/revisions"}],"predecessor-version":[{"id":9239,"href":"https:\/\/www.rotarymodena.it\/index.php?rest_route=\/wp\/v2\/posts\/9235\/revisions\/9239"}],"wp:featuredmedia":[{"embeddable":true,"href":"https:\/\/www.rotarymodena.it\/index.php?rest_route=\/wp\/v2\/media\/9236"}],"wp:attachment":[{"href":"https:\/\/www.rotarymodena.it\/index.php?rest_route=%2Fwp%2Fv2%2Fmedia&parent=9235"}],"wp:term":[{"taxonomy":"category","embeddable":true,"href":"https:\/\/www.rotarymodena.it\/index.php?rest_route=%2Fwp%2Fv2%2Fcategories&post=9235"},{"taxonomy":"post_tag","embeddable":true,"href":"https:\/\/www.rotarymodena.it\/index.php?rest_route=%2Fwp%2Fv2%2Ftags&post=9235"}],"curies":[{"name":"wp","href":"https:\/\/api.w.org\/{rel}","templated":true}]}}