{"id":9204,"date":"2023-07-14T11:27:16","date_gmt":"2023-07-14T10:27:16","guid":{"rendered":"https:\/\/www.rotarymodena.it\/?p=9204"},"modified":"2023-07-14T11:27:41","modified_gmt":"2023-07-14T10:27:41","slug":"in-scena-al-modena-golf-country-clubferraluglio-evento-in-interclub-conrotary-club-castelvetro-terra-dei-rangoni-e-modena-l-a-muratori","status":"publish","type":"post","link":"https:\/\/www.rotarymodena.it\/?p=9204","title":{"rendered":"In scena al Modena Golf &#038; Country Club\u201cFERRALUGLIO\u201d, evento in Interclub conRotary Club Castelvetro Terra dei Rangoni e Modena L.A. Muratori"},"content":{"rendered":"\n<p>Questa settimana non si \u00e8 tenuto il nostro tradizionale appuntamento perch\u00e9 era in programma per<br>la serata dell\u201911 luglio l\u2019evento benefico \u201cFerraluglio\u201d a favore dell\u2019Organizzazione di Volontariato<br>\u201cHo avuto sete\u201d e degli alluvionati della Romagna, organizzato dal Rotary Club Castelvetro Terra dei<br>Rangoni.<br>Come ogni anno si trattava di una festa \u201ca tema\u201d, e quest\u2019anno protagonista era la celebre serie di<br>film Pirati dei Caraibi. Sfidando il caldo torrido, anche una piccola rappresentanza del Rotary di<br>Modena ha aderito alla serata e qualcuno ha colto la sfida del travestimento, impersonando Yanez<br>de Gomera (il Presidente) e Capitan Jack Sparrow (il Prefetto).<br>Dopo l\u2019onore alle Bandiere e la presentazione della serata da parte del Presidente del Rotary Club<br>Castelvetro Vittorio Brebbia, \u00e8 stato il momento della cena, servita ai tavoli o a buffet a seconda<br>dell\u2019opzione effettuata degli ospiti. Accanto ai nostri due tavoli erano seduti soci e socie del Rotary<br>L.A. Muratori e del Rotary di Mirandola, e l\u2019occasione \u00e8 stata propizia per uno scambio di saluti,<br>qualche selfie e un po&#8217; di riflessioni sui prossimi eventi da organizzare insieme. Dame di corte,<br>giocolieri e maghi hanno poi animato la serata, che si \u00e8 conclusa con una lotteria.<br>Il prossimo appuntamento, al fresco dell\u2019aria condizionata del Ristorante di Vinicio, \u00e8 previsto per<br>marted\u00ec 18 luglio, e vedr\u00e0 protagonisti Vittorio Setti e Silvano Sighinolfi, che ci racconteranno \u2013 a<br>proposito di velieri e pirati \u2013 le loro avventure in mare. Titolo della serata: \u201cIl grande sogno!! Storie<br>modenesi circumnavigando il mondo\u201d.<br>Confidiamo di vedervi numerosi!<\/p>\n\n\n\n<p>Un caro saluto<br>Francesca Abbati Marescotti<\/p>\n\n\n\n<figure class=\"wp-block-gallery has-nested-images columns-1 is-cropped wp-block-gallery-1 is-layout-flex wp-block-gallery-is-layout-flex\">\n<figure class=\"wp-block-image size-large\"><a href=\"https:\/\/www.rotarymodena.it\/wp-content\/uploads\/2023\/07\/Presenti.jpg\"><img loading=\"lazy\" decoding=\"async\" width=\"1024\" height=\"768\" data-id=\"9205\" src=\"https:\/\/www.rotarymodena.it\/wp-content\/uploads\/2023\/07\/Presenti-1024x768.jpg\" alt=\"\" class=\"wp-image-9205\" srcset=\"https:\/\/www.rotarymodena.it\/wp-content\/uploads\/2023\/07\/Presenti-1024x768.jpg 1024w, https:\/\/www.rotarymodena.it\/wp-content\/uploads\/2023\/07\/Presenti-300x225.jpg 300w, https:\/\/www.rotarymodena.it\/wp-content\/uploads\/2023\/07\/Presenti-150x113.jpg 150w, https:\/\/www.rotarymodena.it\/wp-content\/uploads\/2023\/07\/Presenti-768x576.jpg 768w, https:\/\/www.rotarymodena.it\/wp-content\/uploads\/2023\/07\/Presenti-1536x1152.jpg 1536w, https:\/\/www.rotarymodena.it\/wp-content\/uploads\/2023\/07\/Presenti.jpg 2048w\" sizes=\"auto, (max-width: 1024px) 100vw, 1024px\" \/><\/a><\/figure>\n\n\n\n<figure class=\"wp-block-image size-large\"><a href=\"https:\/\/www.rotarymodena.it\/wp-content\/uploads\/2023\/07\/Bertellini_Marescotti.jpg\"><img loading=\"lazy\" decoding=\"async\" width=\"1024\" height=\"768\" data-id=\"9208\" src=\"https:\/\/www.rotarymodena.it\/wp-content\/uploads\/2023\/07\/Bertellini_Marescotti-1024x768.jpg\" alt=\"\" class=\"wp-image-9208\" srcset=\"https:\/\/www.rotarymodena.it\/wp-content\/uploads\/2023\/07\/Bertellini_Marescotti-1024x768.jpg 1024w, https:\/\/www.rotarymodena.it\/wp-content\/uploads\/2023\/07\/Bertellini_Marescotti-300x225.jpg 300w, https:\/\/www.rotarymodena.it\/wp-content\/uploads\/2023\/07\/Bertellini_Marescotti-150x113.jpg 150w, https:\/\/www.rotarymodena.it\/wp-content\/uploads\/2023\/07\/Bertellini_Marescotti-768x576.jpg 768w, https:\/\/www.rotarymodena.it\/wp-content\/uploads\/2023\/07\/Bertellini_Marescotti-1536x1152.jpg 1536w, https:\/\/www.rotarymodena.it\/wp-content\/uploads\/2023\/07\/Bertellini_Marescotti.jpg 2048w\" sizes=\"auto, (max-width: 1024px) 100vw, 1024px\" \/><\/a><\/figure>\n\n\n\n<figure class=\"wp-block-image size-large\"><a href=\"https:\/\/www.rotarymodena.it\/wp-content\/uploads\/2023\/07\/serata.jpg\"><img loading=\"lazy\" decoding=\"async\" width=\"1024\" height=\"768\" data-id=\"9209\" src=\"https:\/\/www.rotarymodena.it\/wp-content\/uploads\/2023\/07\/serata-1024x768.jpg\" alt=\"\" class=\"wp-image-9209\" srcset=\"https:\/\/www.rotarymodena.it\/wp-content\/uploads\/2023\/07\/serata-1024x768.jpg 1024w, https:\/\/www.rotarymodena.it\/wp-content\/uploads\/2023\/07\/serata-300x225.jpg 300w, https:\/\/www.rotarymodena.it\/wp-content\/uploads\/2023\/07\/serata-150x113.jpg 150w, https:\/\/www.rotarymodena.it\/wp-content\/uploads\/2023\/07\/serata-768x576.jpg 768w, https:\/\/www.rotarymodena.it\/wp-content\/uploads\/2023\/07\/serata-1536x1152.jpg 1536w, https:\/\/www.rotarymodena.it\/wp-content\/uploads\/2023\/07\/serata.jpg 2048w\" sizes=\"auto, (max-width: 1024px) 100vw, 1024px\" \/><\/a><\/figure>\n\n\n\n<figure class=\"wp-block-image size-large\"><a href=\"https:\/\/www.rotarymodena.it\/wp-content\/uploads\/2023\/07\/PresidenteRotaryCastelvetro.jpg\"><img loading=\"lazy\" decoding=\"async\" width=\"1024\" height=\"768\" data-id=\"9207\" src=\"https:\/\/www.rotarymodena.it\/wp-content\/uploads\/2023\/07\/PresidenteRotaryCastelvetro-1024x768.jpg\" alt=\"\" class=\"wp-image-9207\" srcset=\"https:\/\/www.rotarymodena.it\/wp-content\/uploads\/2023\/07\/PresidenteRotaryCastelvetro-1024x768.jpg 1024w, https:\/\/www.rotarymodena.it\/wp-content\/uploads\/2023\/07\/PresidenteRotaryCastelvetro-300x225.jpg 300w, https:\/\/www.rotarymodena.it\/wp-content\/uploads\/2023\/07\/PresidenteRotaryCastelvetro-150x113.jpg 150w, https:\/\/www.rotarymodena.it\/wp-content\/uploads\/2023\/07\/PresidenteRotaryCastelvetro-768x576.jpg 768w, https:\/\/www.rotarymodena.it\/wp-content\/uploads\/2023\/07\/PresidenteRotaryCastelvetro-1536x1152.jpg 1536w, https:\/\/www.rotarymodena.it\/wp-content\/uploads\/2023\/07\/PresidenteRotaryCastelvetro.jpg 2048w\" sizes=\"auto, (max-width: 1024px) 100vw, 1024px\" \/><\/a><\/figure>\n\n\n\n<figure class=\"wp-block-image size-large\"><a href=\"https:\/\/www.rotarymodena.it\/wp-content\/uploads\/2023\/07\/yanez.jpg\"><img loading=\"lazy\" decoding=\"async\" width=\"768\" height=\"1024\" data-id=\"9206\" src=\"https:\/\/www.rotarymodena.it\/wp-content\/uploads\/2023\/07\/yanez-768x1024.jpg\" alt=\"\" class=\"wp-image-9206\" srcset=\"https:\/\/www.rotarymodena.it\/wp-content\/uploads\/2023\/07\/yanez-768x1024.jpg 768w, https:\/\/www.rotarymodena.it\/wp-content\/uploads\/2023\/07\/yanez-225x300.jpg 225w, https:\/\/www.rotarymodena.it\/wp-content\/uploads\/2023\/07\/yanez-113x150.jpg 113w, https:\/\/www.rotarymodena.it\/wp-content\/uploads\/2023\/07\/yanez-1152x1536.jpg 1152w, https:\/\/www.rotarymodena.it\/wp-content\/uploads\/2023\/07\/yanez.jpg 1536w\" sizes=\"auto, (max-width: 768px) 100vw, 768px\" \/><\/a><\/figure>\n<\/figure>\n","protected":false},"excerpt":{"rendered":"<p>Questa settimana non si \u00e8 tenuto il nostro tradizionale appuntamento perch\u00e9 era in programma perla serata dell\u201911 luglio l\u2019evento benefico \u201cFerraluglio\u201d a favore dell\u2019Organizzazione di Volontariato\u201cHo avuto sete\u201d e degli alluvionati della Romagna, organizzato dal Rotary Club Castelvetro Terra deiRangoni.Come ogni anno si trattava di una festa \u201ca tema\u201d, e quest\u2019anno protagonista era la celebre [&hellip;]<\/p>\n","protected":false},"author":251,"featured_media":9207,"comment_status":"open","ping_status":"closed","sticky":false,"template":"","format":"standard","meta":{"_acf_changed":false,"footnotes":""},"categories":[8],"tags":[],"class_list":["post-9204","post","type-post","status-publish","format-standard","has-post-thumbnail","hentry","category-news","has_thumb"],"acf":[],"_links":{"self":[{"href":"https:\/\/www.rotarymodena.it\/index.php?rest_route=\/wp\/v2\/posts\/9204","targetHints":{"allow":["GET"]}}],"collection":[{"href":"https:\/\/www.rotarymodena.it\/index.php?rest_route=\/wp\/v2\/posts"}],"about":[{"href":"https:\/\/www.rotarymodena.it\/index.php?rest_route=\/wp\/v2\/types\/post"}],"author":[{"embeddable":true,"href":"https:\/\/www.rotarymodena.it\/index.php?rest_route=\/wp\/v2\/users\/251"}],"replies":[{"embeddable":true,"href":"https:\/\/www.rotarymodena.it\/index.php?rest_route=%2Fwp%2Fv2%2Fcomments&post=9204"}],"version-history":[{"count":1,"href":"https:\/\/www.rotarymodena.it\/index.php?rest_route=\/wp\/v2\/posts\/9204\/revisions"}],"predecessor-version":[{"id":9210,"href":"https:\/\/www.rotarymodena.it\/index.php?rest_route=\/wp\/v2\/posts\/9204\/revisions\/9210"}],"wp:featuredmedia":[{"embeddable":true,"href":"https:\/\/www.rotarymodena.it\/index.php?rest_route=\/wp\/v2\/media\/9207"}],"wp:attachment":[{"href":"https:\/\/www.rotarymodena.it\/index.php?rest_route=%2Fwp%2Fv2%2Fmedia&parent=9204"}],"wp:term":[{"taxonomy":"category","embeddable":true,"href":"https:\/\/www.rotarymodena.it\/index.php?rest_route=%2Fwp%2Fv2%2Fcategories&post=9204"},{"taxonomy":"post_tag","embeddable":true,"href":"https:\/\/www.rotarymodena.it\/index.php?rest_route=%2Fwp%2Fv2%2Ftags&post=9204"}],"curies":[{"name":"wp","href":"https:\/\/api.w.org\/{rel}","templated":true}]}}