{"id":9183,"date":"2023-07-07T07:46:57","date_gmt":"2023-07-07T06:46:57","guid":{"rendered":"https:\/\/www.rotarymodena.it\/?p=9183"},"modified":"2023-07-07T07:51:49","modified_gmt":"2023-07-07T06:51:49","slug":"presentazione-del-programma-e-della-nuova-squadra-a-r-2023-2024","status":"publish","type":"post","link":"https:\/\/www.rotarymodena.it\/?p=9183","title":{"rendered":"Presentazione del Programma e della nuova Squadra A.R. 2023-2024"},"content":{"rendered":"\n<p>Marted\u00ec 4 luglio scorso a Villa Casino Riva, di fronte ad una bella platea di soci e socie, si \u00e8 tenuta la<br>presentazione del Programma e della Squadra per l\u2019Annata Rotariana 2023-2024. Il neo Presidente<br>Carlo Ventura, visibilmente emozionato ma con l\u2019abilit\u00e0 oratoria che lo contraddistingue, dopo<br>l\u2019onore alle Bandiere ha presentato il suo programma di mandato partendo dalla citazione del<br>presidente del Rotary International Gordon R. McInally (Rotary Club di South Queensferry, Lothian,<br>Scozia): McInally ha scelto come tema presidenziale 2023-2024 \u201ccreate hope in the world\u201d, perch\u00e9<br>la speranza \u00e8 forza, \u00e8 proiezione al futuro, \u00e8 motore di azione. Molto ambizioso anche il programma del neo Governatore del Distretto 2072 Fiorella Sgallari che, ci ha anticipato Ventura, verr\u00e0 in visita al nostro Club il 26 settembre prossimo, e che ha scelto come temi presidenziali la Salute mentale e la Pace nel mondo.<br>A dimostrare tutta la passione che lo lega al Rotary fin dal suo ingresso alla fine degli anni \u201990, e che lo guider\u00e0 anche in questa sua annata, Ventura ha poi presentato il suo motto presidenziale:<br>\u201cPIACERE, SONO UN ROTARIANO!\u201d. Come ci ha ricordato, Paul Harris diceva che \u201cl\u2019amicizia \u00e8<br>meravigliosa, illumina i sentieri della vita, regala buon umore, \u00e8 preziosa come l\u2019oro. L\u2019amicizia non<br>conosce frontiere, scavalca tutte le barriere, naviga in ogni mare.\u201d E saranno quindi il senso di<br>amicizia, l\u2019impegno per gli altri, la comunanza di intenti e la condivisione degli obiettivi comuni i<br>valori-guida del suo mandato; valori che sicuramente rispecchiano il vissuto di tutti i Soci, storici e<br>nuovi.<br>E\u2019 poi stato il momento della presentazione della Squadra del Presidente: nel Consiglio Direttivo,<br>oltre al Presidente incoming Riccardo Padovani e al Presidente uscente Enrico Lupi, ci saranno<br>Marco Righi e Andrea Pini Bentivoglio nel ruolo di Vicepresidenti; Daniela Dondi e Maria Elisabetta<br>Forghieri come Segretarie, Giulio Romano Tesoriere, gli altri consiglieri Carlo Chiarli, Rolandino<br>Guidotti e Andrea Malagoli (che ha ritirato dal Presidente Lupi il Paul Harris assegnatogli), e il<br>Prefetto Francesca Abbati Marescotti. Numerose come sempre le Commissioni, che vedono il<br>contributo di tanti Soci e Socie del Club con una lunga esperienza alle spalle. Novit\u00e0 introdotta da<br>Ventura, e molto apprezzata, sar\u00e0 il coinvolgimento del Rotaract, che si occuper\u00e0 di nuovi progetti  e dei Social network, indispensabili per diffondere la conoscenza delle attivit\u00e0 del Rotary presso un<br>vasto pubblico.<br>Solo un accenno \u2013 ci sar\u00e0 poi modo di approfondirli nelle prossime newsletter \u2013 ai principali services dell\u2019annata: A Casa e a Scuola in Salute, evoluzione e sviluppo del tema A Scuola in Salute A.R.2022- 2023; Fondazione Silvia Parente Sport e disabilit\u00e0; Rotary Startup Networking; Happy Camp; Laboratori antibullismo Zanshin Tech e Rise against hunger.<br>Il ricco programma del Presidente vedr\u00e0 poi caminetti di approfondimento fra i soci per uno scambio<br>di conoscenze, passioni, hobbies e curiosit\u00e0, raduni di auto d\u2019epoca, serate in interclub Rotary \u2013<br>Rotaract, e due novit\u00e0: la progressiva introduzione di Club Communicator e della APP Sprecometro<br>ideata da Andrea Segr\u00e8.<br>Nel corso della cena il Presidente Ventura ha poi riservato alla sua squadra una sorpresa particolare:<br>la spilletta del Rotary con sopra inciso il ruolo di ogni componente. Un apprezzatissimo modo per<br>creare ancora pi\u00f9 legame e senso di appartenenza fra chi si accinge a ricoprire l\u2019incarico assegnatoli,<br>o assegnatole, fino al 30 giugno 2024.<br>Lo sguardo d\u2019insieme sull\u2019annata ha visto infine la presentazione di una serie di \u201csave the date\u201d da<br>segnare nell\u2019agenda di ogni socio e socia. Questi i principali, fino a fine anno:<br>11 luglio: Interclub con Rotary Club Castelvetro Terra dei Rangoni e Rotary Club L.A. Muratori presso il Golf &amp; Country Club (serata benefica).<br>18 luglio: Vittorio Setti e Silvano Sighinolfi presentano \u201cIl Grande Sogno!! Storie modenesi<br>circumnavigando il mondo\u201d, presso il Ristorante Vinicio<br>25 luglio: Saluti pre-vacanze, al Tennis Club Modena<br>7 settembre: Interclub con Rotary Club Carpi, relatrice l\u2019Onorevole Daniela Dondi<br>17 settembre: Festival Filosofia<br>26 settembre: Visita del Governatore Fiorella Sgallari<br>7-8 ottobre: Gita di Club Bergamo e Brescia capitali della cultura 2023<br>31 ottobre: Celebrazione Santa messa in commemorazione dei defunti rotariani<br>21 novembre: Interclub con Rotary Club Sassuolo, relatore Emanuele Orsini (vicepresidente Confindustria nazionale).<br>12 dicembre: Serata degli auguri<br>19 dicembre: Aperitivo con concerto di fine anno.<\/p>\n\n\n\n<p>Buon Rotary a tutte e tutti!<br>Un caro saluto<br>Francesca Abbati Marescotti<\/p>\n\n\n\n<figure class=\"wp-block-gallery has-nested-images columns-1 is-cropped wp-block-gallery-1 is-layout-flex wp-block-gallery-is-layout-flex\">\n<figure class=\"wp-block-image size-large\"><a href=\"https:\/\/www.rotarymodena.it\/wp-content\/uploads\/2023\/07\/Carlo-Ventura.jpg\"><img loading=\"lazy\" decoding=\"async\" width=\"768\" height=\"1024\" data-id=\"9187\" src=\"https:\/\/www.rotarymodena.it\/wp-content\/uploads\/2023\/07\/Carlo-Ventura-768x1024.jpg\" alt=\"\" class=\"wp-image-9187\" srcset=\"https:\/\/www.rotarymodena.it\/wp-content\/uploads\/2023\/07\/Carlo-Ventura-768x1024.jpg 768w, https:\/\/www.rotarymodena.it\/wp-content\/uploads\/2023\/07\/Carlo-Ventura-225x300.jpg 225w, https:\/\/www.rotarymodena.it\/wp-content\/uploads\/2023\/07\/Carlo-Ventura-113x150.jpg 113w, https:\/\/www.rotarymodena.it\/wp-content\/uploads\/2023\/07\/Carlo-Ventura-1152x1536.jpg 1152w, https:\/\/www.rotarymodena.it\/wp-content\/uploads\/2023\/07\/Carlo-Ventura.jpg 1536w\" sizes=\"auto, (max-width: 768px) 100vw, 768px\" \/><\/a><\/figure>\n\n\n\n<figure class=\"wp-block-image size-large\"><a href=\"https:\/\/www.rotarymodena.it\/wp-content\/uploads\/2023\/07\/La-presentazione.jpg\"><img loading=\"lazy\" decoding=\"async\" width=\"768\" height=\"1024\" data-id=\"9186\" src=\"https:\/\/www.rotarymodena.it\/wp-content\/uploads\/2023\/07\/La-presentazione-768x1024.jpg\" alt=\"\" class=\"wp-image-9186\" srcset=\"https:\/\/www.rotarymodena.it\/wp-content\/uploads\/2023\/07\/La-presentazione-768x1024.jpg 768w, https:\/\/www.rotarymodena.it\/wp-content\/uploads\/2023\/07\/La-presentazione-225x300.jpg 225w, https:\/\/www.rotarymodena.it\/wp-content\/uploads\/2023\/07\/La-presentazione-113x150.jpg 113w, https:\/\/www.rotarymodena.it\/wp-content\/uploads\/2023\/07\/La-presentazione-1152x1536.jpg 1152w, https:\/\/www.rotarymodena.it\/wp-content\/uploads\/2023\/07\/La-presentazione.jpg 1536w\" sizes=\"auto, (max-width: 768px) 100vw, 768px\" \/><\/a><\/figure>\n\n\n\n<figure class=\"wp-block-image size-large\"><a href=\"https:\/\/www.rotarymodena.it\/wp-content\/uploads\/2023\/07\/La-squadra.jpg\"><img loading=\"lazy\" decoding=\"async\" width=\"1024\" height=\"768\" data-id=\"9185\" src=\"https:\/\/www.rotarymodena.it\/wp-content\/uploads\/2023\/07\/La-squadra-1024x768.jpg\" alt=\"\" class=\"wp-image-9185\" srcset=\"https:\/\/www.rotarymodena.it\/wp-content\/uploads\/2023\/07\/La-squadra-1024x768.jpg 1024w, https:\/\/www.rotarymodena.it\/wp-content\/uploads\/2023\/07\/La-squadra-300x225.jpg 300w, https:\/\/www.rotarymodena.it\/wp-content\/uploads\/2023\/07\/La-squadra-150x113.jpg 150w, https:\/\/www.rotarymodena.it\/wp-content\/uploads\/2023\/07\/La-squadra-768x576.jpg 768w, https:\/\/www.rotarymodena.it\/wp-content\/uploads\/2023\/07\/La-squadra-1536x1152.jpg 1536w, https:\/\/www.rotarymodena.it\/wp-content\/uploads\/2023\/07\/La-squadra.jpg 2048w\" sizes=\"auto, (max-width: 1024px) 100vw, 1024px\" \/><\/a><\/figure>\n\n\n\n<figure class=\"wp-block-image size-large\"><a href=\"https:\/\/www.rotarymodena.it\/wp-content\/uploads\/2023\/07\/Paul-Harris-a-Malagoli1.jpg\"><img loading=\"lazy\" decoding=\"async\" width=\"768\" height=\"1024\" data-id=\"9184\" src=\"https:\/\/www.rotarymodena.it\/wp-content\/uploads\/2023\/07\/Paul-Harris-a-Malagoli1-768x1024.jpg\" alt=\"\" class=\"wp-image-9184\" srcset=\"https:\/\/www.rotarymodena.it\/wp-content\/uploads\/2023\/07\/Paul-Harris-a-Malagoli1-768x1024.jpg 768w, https:\/\/www.rotarymodena.it\/wp-content\/uploads\/2023\/07\/Paul-Harris-a-Malagoli1-225x300.jpg 225w, https:\/\/www.rotarymodena.it\/wp-content\/uploads\/2023\/07\/Paul-Harris-a-Malagoli1-113x150.jpg 113w, https:\/\/www.rotarymodena.it\/wp-content\/uploads\/2023\/07\/Paul-Harris-a-Malagoli1-1152x1536.jpg 1152w, https:\/\/www.rotarymodena.it\/wp-content\/uploads\/2023\/07\/Paul-Harris-a-Malagoli1.jpg 1536w\" sizes=\"auto, (max-width: 768px) 100vw, 768px\" \/><\/a><\/figure>\n<\/figure>\n","protected":false},"excerpt":{"rendered":"<p>Marted\u00ec 4 luglio scorso a Villa Casino Riva, di fronte ad una bella platea di soci e socie, si \u00e8 tenuta lapresentazione del Programma e della Squadra per l\u2019Annata Rotariana 2023-2024. Il neo PresidenteCarlo Ventura, visibilmente emozionato ma con l\u2019abilit\u00e0 oratoria che lo contraddistingue, dopol\u2019onore alle Bandiere ha presentato il suo programma di mandato partendo [&hellip;]<\/p>\n","protected":false},"author":251,"featured_media":9185,"comment_status":"open","ping_status":"closed","sticky":false,"template":"","format":"standard","meta":{"_acf_changed":false,"footnotes":""},"categories":[8],"tags":[],"class_list":["post-9183","post","type-post","status-publish","format-standard","has-post-thumbnail","hentry","category-news","has_thumb"],"acf":[],"_links":{"self":[{"href":"https:\/\/www.rotarymodena.it\/index.php?rest_route=\/wp\/v2\/posts\/9183","targetHints":{"allow":["GET"]}}],"collection":[{"href":"https:\/\/www.rotarymodena.it\/index.php?rest_route=\/wp\/v2\/posts"}],"about":[{"href":"https:\/\/www.rotarymodena.it\/index.php?rest_route=\/wp\/v2\/types\/post"}],"author":[{"embeddable":true,"href":"https:\/\/www.rotarymodena.it\/index.php?rest_route=\/wp\/v2\/users\/251"}],"replies":[{"embeddable":true,"href":"https:\/\/www.rotarymodena.it\/index.php?rest_route=%2Fwp%2Fv2%2Fcomments&post=9183"}],"version-history":[{"count":12,"href":"https:\/\/www.rotarymodena.it\/index.php?rest_route=\/wp\/v2\/posts\/9183\/revisions"}],"predecessor-version":[{"id":9199,"href":"https:\/\/www.rotarymodena.it\/index.php?rest_route=\/wp\/v2\/posts\/9183\/revisions\/9199"}],"wp:featuredmedia":[{"embeddable":true,"href":"https:\/\/www.rotarymodena.it\/index.php?rest_route=\/wp\/v2\/media\/9185"}],"wp:attachment":[{"href":"https:\/\/www.rotarymodena.it\/index.php?rest_route=%2Fwp%2Fv2%2Fmedia&parent=9183"}],"wp:term":[{"taxonomy":"category","embeddable":true,"href":"https:\/\/www.rotarymodena.it\/index.php?rest_route=%2Fwp%2Fv2%2Fcategories&post=9183"},{"taxonomy":"post_tag","embeddable":true,"href":"https:\/\/www.rotarymodena.it\/index.php?rest_route=%2Fwp%2Fv2%2Ftags&post=9183"}],"curies":[{"name":"wp","href":"https:\/\/api.w.org\/{rel}","templated":true}]}}