{"id":8999,"date":"2023-04-27T07:47:41","date_gmt":"2023-04-27T06:47:41","guid":{"rendered":"https:\/\/www.rotarymodena.it\/?p=8999"},"modified":"2023-04-27T07:48:27","modified_gmt":"2023-04-27T06:48:27","slug":"interclub-del-20-aprile-2023","status":"publish","type":"post","link":"https:\/\/www.rotarymodena.it\/?p=8999","title":{"rendered":"Interclub del 20 Aprile 2023"},"content":{"rendered":"\n<p>Patria, Onore, Disciplina: queste le parole chiave per un generale con il basco dei<br>paracadutisti. Ce lo ha spiegato con orgoglio il Generale di Corpo d\u2019Armata Bruno<br>Loi marted\u00ec scorso, in un evento in interclub fra il nostro Club, il Rotary Club Modena<br>L. Muratori \u2013 organizzatore della serata \u2013 e Rotary Club Castelvetro Terra dei<br>Rangoni, tenutosi presso il ristorante Vinicio. Titolo della serata \u201cUn uomo al servizio<br>della Patria\u201d, a richiamare l\u2019omonimo libro dato alle stampe nel marzo 2022. Uomo<br>di grande carisma, il Generale Bruno Loi vanta una carriera militare lunga oltre 40<br>anni, e un curriculum difficilmente sintetizzabile, cos\u00ec come le sue onorificenze:<br>cavaliere dell\u2019ordine militare d\u2019Italia, cavaliere di gran croce dell\u2019ordine al merito<br>della Repubblica italiana, insignito della medaglia d\u2019oro di lungo comando e della<br>medaglia d\u2019oro di lunga attivit\u00e0 aviolancistica, solo per citare le principali.<br>Preceduto dall\u2019onore alle bandiere e dai saluti di apertura di Barbara Bonamin,<br>Presidente del Rotary Club Modena L.A. Muratori, nella sua appassionata relazione<br>di fronte ad oltre 110 partecipanti il Generale ha ripercorso i successi e anche le<br>\u201csconfitte\u201d della vita di un servitore della Stato in uniforme che ha profuso, durante i<br>44 anni di servizio nell\u2019esercito, ogni sua risorsa morale, intellettuale e fisica. Come<br>ben racconta l\u2019editore, ha amato la responsabilit\u00e0 e la libert\u00e0 di decidere,<br>stimolandole sempre anche nei suoi subordinati. Guardando a quanto vissuto, non<br>nasconde l\u2019amarezza per l\u2019atteggiamento spesso distratto che la societ\u00e0 ha nei<br>confronti dei suoi soldati, ricordandosi di loro solo quando si verificano situazioni di<br>pericolo e di necessit\u00e0. Ai giovani che si affacciano alla vita, il Generale offre una<br>appassionata informazione sulla \u201ccondizione militare\u201d, con un chiaro invito ad<br>approfondirne la valenza etica. Il messaggio esplicito che ha fatto arrivare a tutti noi <\/p>\n\n\n\n<p>\u00e8 un invito a conoscere meglio chi sono e cosa fanno gli uomini e le donne, che<br>hanno scelto di servire in armi la Patria e amarli.<br>Guida affettuosa di una numerosissima famiglia che ha voluto presentare a soci e<br>invitati con una bella fotografia di gruppo, il Generale ha poi concluso la lunga serata<br>rispondendo alle domande dei presenti e approfondendo altri aspetti della sua<br>esperienza.<br>Il prossimo marted\u00ec sar\u00e0 la Festa della Liberazione per cui slitter\u00e0 il nostro incontro<br>settimanale. Appuntamento il 2 maggio presso la Scuola e Cucina del nostro socio<br>Alfiero Fucelli, che ci racconter\u00e0 l\u2019esperienza di Dispensa Emilia, format 100%<br>emiliano nato nel 2004 dall\u2019idea e dall\u2019intuizione imprenditoriale di offrire la qualit\u00e0<br>dei piatti della tradizione emiliana in chiave moderna e fast. Va ricordato che<br>Dispensa Emilia \u00e8 stata inserita da Forbes nella lista delle 100 Eccellenze Italiane<br>2021.<br><\/p>\n\n\n\n<p>Un caro saluto<br>Francesca Abbati Marescotti<\/p>\n\n\n\n<figure class=\"wp-block-gallery has-nested-images columns-2 is-cropped wp-block-gallery-1 is-layout-flex wp-block-gallery-is-layout-flex\">\n<figure class=\"wp-block-image size-full\"><a href=\"https:\/\/www.rotarymodena.it\/wp-content\/uploads\/2023\/04\/FOTO-2.jpg\"><img loading=\"lazy\" decoding=\"async\" width=\"1600\" height=\"1200\" data-id=\"9001\" src=\"https:\/\/www.rotarymodena.it\/wp-content\/uploads\/2023\/04\/FOTO-2.jpg\" alt=\"\" class=\"wp-image-9001\" srcset=\"https:\/\/www.rotarymodena.it\/wp-content\/uploads\/2023\/04\/FOTO-2.jpg 1600w, https:\/\/www.rotarymodena.it\/wp-content\/uploads\/2023\/04\/FOTO-2-300x225.jpg 300w, https:\/\/www.rotarymodena.it\/wp-content\/uploads\/2023\/04\/FOTO-2-1024x768.jpg 1024w, https:\/\/www.rotarymodena.it\/wp-content\/uploads\/2023\/04\/FOTO-2-150x113.jpg 150w, https:\/\/www.rotarymodena.it\/wp-content\/uploads\/2023\/04\/FOTO-2-768x576.jpg 768w, https:\/\/www.rotarymodena.it\/wp-content\/uploads\/2023\/04\/FOTO-2-1536x1152.jpg 1536w\" sizes=\"auto, (max-width: 1600px) 100vw, 1600px\" \/><\/a><\/figure>\n\n\n\n<figure class=\"wp-block-image size-full\"><a href=\"https:\/\/www.rotarymodena.it\/wp-content\/uploads\/2023\/04\/FOTO-3.jpg\"><img loading=\"lazy\" decoding=\"async\" width=\"1600\" height=\"1200\" data-id=\"9000\" src=\"https:\/\/www.rotarymodena.it\/wp-content\/uploads\/2023\/04\/FOTO-3.jpg\" alt=\"\" class=\"wp-image-9000\" srcset=\"https:\/\/www.rotarymodena.it\/wp-content\/uploads\/2023\/04\/FOTO-3.jpg 1600w, https:\/\/www.rotarymodena.it\/wp-content\/uploads\/2023\/04\/FOTO-3-300x225.jpg 300w, https:\/\/www.rotarymodena.it\/wp-content\/uploads\/2023\/04\/FOTO-3-1024x768.jpg 1024w, https:\/\/www.rotarymodena.it\/wp-content\/uploads\/2023\/04\/FOTO-3-150x113.jpg 150w, https:\/\/www.rotarymodena.it\/wp-content\/uploads\/2023\/04\/FOTO-3-768x576.jpg 768w, https:\/\/www.rotarymodena.it\/wp-content\/uploads\/2023\/04\/FOTO-3-1536x1152.jpg 1536w\" sizes=\"auto, (max-width: 1600px) 100vw, 1600px\" \/><\/a><\/figure>\n\n\n\n<figure class=\"wp-block-image size-full\"><a href=\"https:\/\/www.rotarymodena.it\/wp-content\/uploads\/2023\/04\/FOTO-1.jpg\"><img loading=\"lazy\" decoding=\"async\" width=\"2048\" height=\"1536\" data-id=\"9002\" src=\"https:\/\/www.rotarymodena.it\/wp-content\/uploads\/2023\/04\/FOTO-1.jpg\" alt=\"\" class=\"wp-image-9002\" srcset=\"https:\/\/www.rotarymodena.it\/wp-content\/uploads\/2023\/04\/FOTO-1.jpg 2048w, https:\/\/www.rotarymodena.it\/wp-content\/uploads\/2023\/04\/FOTO-1-300x225.jpg 300w, https:\/\/www.rotarymodena.it\/wp-content\/uploads\/2023\/04\/FOTO-1-1024x768.jpg 1024w, https:\/\/www.rotarymodena.it\/wp-content\/uploads\/2023\/04\/FOTO-1-150x113.jpg 150w, https:\/\/www.rotarymodena.it\/wp-content\/uploads\/2023\/04\/FOTO-1-768x576.jpg 768w, https:\/\/www.rotarymodena.it\/wp-content\/uploads\/2023\/04\/FOTO-1-1536x1152.jpg 1536w\" sizes=\"auto, (max-width: 2048px) 100vw, 2048px\" \/><\/a><\/figure>\n<\/figure>\n","protected":false},"excerpt":{"rendered":"<p>Patria, Onore, Disciplina: queste le parole chiave per un generale con il basco deiparacadutisti. Ce lo ha spiegato con orgoglio il Generale di Corpo d\u2019Armata BrunoLoi marted\u00ec scorso, in un evento in interclub fra il nostro Club, il Rotary Club ModenaL. Muratori \u2013 organizzatore della serata \u2013 e Rotary Club Castelvetro Terra deiRangoni, tenutosi presso [&hellip;]<\/p>\n","protected":false},"author":251,"featured_media":9002,"comment_status":"open","ping_status":"closed","sticky":false,"template":"","format":"standard","meta":{"_acf_changed":false,"footnotes":""},"categories":[8],"tags":[],"class_list":["post-8999","post","type-post","status-publish","format-standard","has-post-thumbnail","hentry","category-news","has_thumb"],"acf":[],"_links":{"self":[{"href":"https:\/\/www.rotarymodena.it\/index.php?rest_route=\/wp\/v2\/posts\/8999","targetHints":{"allow":["GET"]}}],"collection":[{"href":"https:\/\/www.rotarymodena.it\/index.php?rest_route=\/wp\/v2\/posts"}],"about":[{"href":"https:\/\/www.rotarymodena.it\/index.php?rest_route=\/wp\/v2\/types\/post"}],"author":[{"embeddable":true,"href":"https:\/\/www.rotarymodena.it\/index.php?rest_route=\/wp\/v2\/users\/251"}],"replies":[{"embeddable":true,"href":"https:\/\/www.rotarymodena.it\/index.php?rest_route=%2Fwp%2Fv2%2Fcomments&post=8999"}],"version-history":[{"count":3,"href":"https:\/\/www.rotarymodena.it\/index.php?rest_route=\/wp\/v2\/posts\/8999\/revisions"}],"predecessor-version":[{"id":9005,"href":"https:\/\/www.rotarymodena.it\/index.php?rest_route=\/wp\/v2\/posts\/8999\/revisions\/9005"}],"wp:featuredmedia":[{"embeddable":true,"href":"https:\/\/www.rotarymodena.it\/index.php?rest_route=\/wp\/v2\/media\/9002"}],"wp:attachment":[{"href":"https:\/\/www.rotarymodena.it\/index.php?rest_route=%2Fwp%2Fv2%2Fmedia&parent=8999"}],"wp:term":[{"taxonomy":"category","embeddable":true,"href":"https:\/\/www.rotarymodena.it\/index.php?rest_route=%2Fwp%2Fv2%2Fcategories&post=8999"},{"taxonomy":"post_tag","embeddable":true,"href":"https:\/\/www.rotarymodena.it\/index.php?rest_route=%2Fwp%2Fv2%2Ftags&post=8999"}],"curies":[{"name":"wp","href":"https:\/\/api.w.org\/{rel}","templated":true}]}}