{"id":8977,"date":"2023-04-11T07:49:56","date_gmt":"2023-04-11T06:49:56","guid":{"rendered":"https:\/\/www.rotarymodena.it\/?p=8977"},"modified":"2023-04-11T08:47:43","modified_gmt":"2023-04-11T07:47:43","slug":"resoconto-della-conviviale-del-4-aprile-2023","status":"publish","type":"post","link":"https:\/\/www.rotarymodena.it\/?p=8977","title":{"rendered":"Resoconto della Conviviale del 4 aprile 2023"},"content":{"rendered":"\n<p>Il Presidente Enrico Lupi, aprendo la conviviale, da Vinicio, ha salutato con piacere il ritorno del Past Governor Mario Baraldi, assente per un paio di mesi per problemi di salute ed ha sottolineato la presenza di numerosi ospiti richiamati dalla curiosit\u00e0 per l\u2019argomento della serata: relatore il nostro socio Vittorio Giovetti che ci ha parlato de \u201cI \u2018monti della luna\u2019: la mia salita sul Kilimangiaro\u201d.<br>Ma prima di passare la parola al relatore, il Presidente ha dato luogo ad una cerimonia tra le pi\u00f9 importanti per la vita del Club, la spillatura di una nuova socia. E\u2019 entrata nel nostro Club Claudia Dondi, sorella della nostra socia Daniela, presentata da Elisabetta Bertellini, che ne ha letto un breve curriculum e sottolineato che sar\u00e0 un ottimo acquisto per la nostra famiglia. L\u2019Assistente del Governatore per l\u2019Area Ghirlandina Eugenio Boni ha spillato Claudia Dondi, che poi ha letto il giuramento del rotariano. Ma abbiamo avuto anche un\u2019altra bella cerimonia, il trasferimento nel nostro Club di una rotariana proveniente dal Rotary Club di Malm\u00f6 in Svezia: Cristina Broglia, che si \u00e8 autopresentata sottolineando il suo ingresso nel Rotary in Svezia, in quanto l\u00e0 per lavoro, e la gioia per la straordinaria accoglienza che ha ricevuto dal nostro Club.<br>Vittorio Giovetti ha poi preso la parola per parlarci della sua straordinaria avventura dell\u2019ascesa al Kilimangiaro nel 2015: il Kilimangiaro \u00e8 una imponente montagna che si erge isolata, con la vetta incappucciata di ghiaccio, a livello dell\u2019equatore. Ci sono sei itinerari principali di salita: quello scelto dal suo gruppo era quello di Machame, l\u2019unico non attrezzato, ma probabilmente il pi\u00f9 spettacolare dal punto di vista paesaggistico. Accompagnato da numerose bellissime fotografie, Vittorio ha ripercorso le varie tappe della sua ascensione: dall\u2019arrivo al campo base per l\u2019incontro con le guide e la successiva scelta, da parte delle guide stesse, di un congruo numero di portatori, alla partenza vera e propria per un\u2019avventura di sei giorni per raggiungere la vetta. Il fatto che l\u2019itinerario non fosse attrezzato significava che si doveva portare tutto con s\u00e9 e che per parecchi giorni non si incontrava nessuno, quindi si doveva essere autonomi.<br>L\u2019ascesa \u00e8 stata spettacolare, perch\u00e9 si sono attraversate varie tipologie ambientali con panorami completamente diversi ma sempre stupefacenti: all\u2019inizio la giungla, poi il bosco, poi le conifere. Dopo i tremila metri si \u00e8 passati ad un ambiente fatto di pietraie, per poi entrare in una zona di roccia e lava (il Kilimangiaro \u00e8 un vulcano) per finire nel ghiacciaio. L\u2019ascesa non \u00e8 una vera scalata di roccia, ma un vero e proprio trekking, impegnativo per la durata e per l\u2019ossigeno che calava man mano che si saliva di altitudine. Un grosso problema \u00e8 l\u2019acqua da bere, che ovviamente non pu\u00f2 essere trasportata in quantit\u00e0 idonea per tante persone e per tanti giorni: la soluzione stava nell\u2019utilizzare l\u2019acqua di sorgente che si incontrava spesso e sanificarla chimicamente in apposite taniche.<br>La conquista della vetta \u00e8 sicuramente un momento emozionante ed indimenticabile. Subito dopo \u00e8 iniziata una rapida discesa che ha portato al campo base di partenza, dove i partecipanti sono stati insigniti di un prezioso diploma di conquista della vetta: con un saluto ed un ringraziamento particolare ai portatori che rendono possibili le ascensioni altrimenti forse improponibili, la conquista del Kilimangiaro si \u00e8 conclusa.<br>Vittorio Giovetti si \u00e8 poi concesso alle numerose domande degli ospiti presenti, che hanno spaziato su vari temi: dall\u2019incontro con animali, negato da Vittorio, alle ore di cammino giornaliero, circa 6-8 ore, al mal di montagna, che all\u2019equatore \u00e8 molto meno presente che altrove, alla gestione dei rifiuti, accuratamente raccolti e portati a valle dai portatori.<br>Al termine della interessantissima relazione, il Presidente Enrico Lupi ha dato notizia delle dimissioni di Giovanni Conti e Giovanni Battista Chiossi, che portano il saldo, considerando i nuovi ingressi, a meno uno dall\u2019inizio dell\u2019anno rotariano.<br>La serata si \u00e8 conclusa con la consegna di un uovo pasquale ai presenti, da noi acquistato, a m\u00f2 di service, dall\u2019Unione Italiana Ciechi ed Ipovedenti.<\/p>\n\n\n\n<p>Un caro saluto<br>Claudio Colombi<\/p>\n\n\n\n<figure class=\"wp-block-gallery has-nested-images columns-1 is-cropped wp-block-gallery-1 is-layout-flex wp-block-gallery-is-layout-flex\">\n<figure class=\"wp-block-image size-full\"><a href=\"https:\/\/www.rotarymodena.it\/wp-content\/uploads\/2023\/04\/IMG-20230404-WA0029.jpg\" target=\"_blank\" rel=\"noopener\"><img loading=\"lazy\" decoding=\"async\" width=\"1600\" height=\"1200\" data-id=\"8983\" src=\"https:\/\/www.rotarymodena.it\/wp-content\/uploads\/2023\/04\/IMG-20230404-WA0029.jpg\" alt=\"\" class=\"wp-image-8983\" srcset=\"https:\/\/www.rotarymodena.it\/wp-content\/uploads\/2023\/04\/IMG-20230404-WA0029.jpg 1600w, https:\/\/www.rotarymodena.it\/wp-content\/uploads\/2023\/04\/IMG-20230404-WA0029-300x225.jpg 300w, https:\/\/www.rotarymodena.it\/wp-content\/uploads\/2023\/04\/IMG-20230404-WA0029-1024x768.jpg 1024w, https:\/\/www.rotarymodena.it\/wp-content\/uploads\/2023\/04\/IMG-20230404-WA0029-150x113.jpg 150w, https:\/\/www.rotarymodena.it\/wp-content\/uploads\/2023\/04\/IMG-20230404-WA0029-768x576.jpg 768w, https:\/\/www.rotarymodena.it\/wp-content\/uploads\/2023\/04\/IMG-20230404-WA0029-1536x1152.jpg 1536w\" sizes=\"auto, (max-width: 1600px) 100vw, 1600px\" \/><\/a><\/figure>\n\n\n\n<figure class=\"wp-block-image size-full\"><a href=\"https:\/\/www.rotarymodena.it\/wp-content\/uploads\/2023\/04\/IMG-20230404-WA0025.jpg\" target=\"_blank\" rel=\"noopener\"><img loading=\"lazy\" decoding=\"async\" width=\"1200\" height=\"1600\" data-id=\"8982\" src=\"https:\/\/www.rotarymodena.it\/wp-content\/uploads\/2023\/04\/IMG-20230404-WA0025.jpg\" alt=\"\" class=\"wp-image-8982\" srcset=\"https:\/\/www.rotarymodena.it\/wp-content\/uploads\/2023\/04\/IMG-20230404-WA0025.jpg 1200w, https:\/\/www.rotarymodena.it\/wp-content\/uploads\/2023\/04\/IMG-20230404-WA0025-225x300.jpg 225w, https:\/\/www.rotarymodena.it\/wp-content\/uploads\/2023\/04\/IMG-20230404-WA0025-768x1024.jpg 768w, https:\/\/www.rotarymodena.it\/wp-content\/uploads\/2023\/04\/IMG-20230404-WA0025-113x150.jpg 113w, https:\/\/www.rotarymodena.it\/wp-content\/uploads\/2023\/04\/IMG-20230404-WA0025-1152x1536.jpg 1152w\" sizes=\"auto, (max-width: 1200px) 100vw, 1200px\" \/><\/a><\/figure>\n\n\n\n<figure class=\"wp-block-image size-large\"><a href=\"https:\/\/www.rotarymodena.it\/wp-content\/uploads\/2023\/04\/IMG-20230404-WA0016.jpg\" target=\"_blank\" rel=\"noopener\"><img loading=\"lazy\" decoding=\"async\" width=\"768\" height=\"1024\" data-id=\"8981\" src=\"https:\/\/www.rotarymodena.it\/wp-content\/uploads\/2023\/04\/IMG-20230404-WA0016-768x1024.jpg\" alt=\"\" class=\"wp-image-8981\" srcset=\"https:\/\/www.rotarymodena.it\/wp-content\/uploads\/2023\/04\/IMG-20230404-WA0016-768x1024.jpg 768w, https:\/\/www.rotarymodena.it\/wp-content\/uploads\/2023\/04\/IMG-20230404-WA0016-225x300.jpg 225w, https:\/\/www.rotarymodena.it\/wp-content\/uploads\/2023\/04\/IMG-20230404-WA0016-113x150.jpg 113w, https:\/\/www.rotarymodena.it\/wp-content\/uploads\/2023\/04\/IMG-20230404-WA0016-1152x1536.jpg 1152w, https:\/\/www.rotarymodena.it\/wp-content\/uploads\/2023\/04\/IMG-20230404-WA0016.jpg 1200w\" sizes=\"auto, (max-width: 768px) 100vw, 768px\" \/><\/a><\/figure>\n\n\n\n<figure class=\"wp-block-image size-large\"><a href=\"https:\/\/www.rotarymodena.it\/wp-content\/uploads\/2023\/04\/IMG-20230404-WA0011.jpg\" target=\"_blank\" rel=\"noopener\"><img loading=\"lazy\" decoding=\"async\" width=\"768\" height=\"1024\" data-id=\"8978\" src=\"https:\/\/www.rotarymodena.it\/wp-content\/uploads\/2023\/04\/IMG-20230404-WA0011-768x1024.jpg\" alt=\"\" class=\"wp-image-8978\" srcset=\"https:\/\/www.rotarymodena.it\/wp-content\/uploads\/2023\/04\/IMG-20230404-WA0011-768x1024.jpg 768w, https:\/\/www.rotarymodena.it\/wp-content\/uploads\/2023\/04\/IMG-20230404-WA0011-225x300.jpg 225w, https:\/\/www.rotarymodena.it\/wp-content\/uploads\/2023\/04\/IMG-20230404-WA0011-113x150.jpg 113w, https:\/\/www.rotarymodena.it\/wp-content\/uploads\/2023\/04\/IMG-20230404-WA0011-1152x1536.jpg 1152w, https:\/\/www.rotarymodena.it\/wp-content\/uploads\/2023\/04\/IMG-20230404-WA0011.jpg 1200w\" sizes=\"auto, (max-width: 768px) 100vw, 768px\" \/><\/a><\/figure>\n\n\n\n<figure class=\"wp-block-image size-large\"><a href=\"https:\/\/www.rotarymodena.it\/wp-content\/uploads\/2023\/04\/IMG-20230404-WA0007.jpg\" target=\"_blank\" rel=\"noopener\"><img loading=\"lazy\" decoding=\"async\" width=\"768\" height=\"1024\" data-id=\"8980\" src=\"https:\/\/www.rotarymodena.it\/wp-content\/uploads\/2023\/04\/IMG-20230404-WA0007-768x1024.jpg\" alt=\"\" class=\"wp-image-8980\" srcset=\"https:\/\/www.rotarymodena.it\/wp-content\/uploads\/2023\/04\/IMG-20230404-WA0007-768x1024.jpg 768w, https:\/\/www.rotarymodena.it\/wp-content\/uploads\/2023\/04\/IMG-20230404-WA0007-225x300.jpg 225w, https:\/\/www.rotarymodena.it\/wp-content\/uploads\/2023\/04\/IMG-20230404-WA0007-113x150.jpg 113w, https:\/\/www.rotarymodena.it\/wp-content\/uploads\/2023\/04\/IMG-20230404-WA0007-1152x1536.jpg 1152w, https:\/\/www.rotarymodena.it\/wp-content\/uploads\/2023\/04\/IMG-20230404-WA0007.jpg 1200w\" sizes=\"auto, (max-width: 768px) 100vw, 768px\" \/><\/a><\/figure>\n\n\n\n<figure class=\"wp-block-image size-large\"><a href=\"https:\/\/www.rotarymodena.it\/wp-content\/uploads\/2023\/04\/IMG-20230404-WA0003.jpg\" target=\"_blank\" rel=\"noopener\"><img loading=\"lazy\" decoding=\"async\" width=\"768\" height=\"1024\" data-id=\"8979\" src=\"https:\/\/www.rotarymodena.it\/wp-content\/uploads\/2023\/04\/IMG-20230404-WA0003-768x1024.jpg\" alt=\"\" class=\"wp-image-8979\" srcset=\"https:\/\/www.rotarymodena.it\/wp-content\/uploads\/2023\/04\/IMG-20230404-WA0003-768x1024.jpg 768w, https:\/\/www.rotarymodena.it\/wp-content\/uploads\/2023\/04\/IMG-20230404-WA0003-225x300.jpg 225w, https:\/\/www.rotarymodena.it\/wp-content\/uploads\/2023\/04\/IMG-20230404-WA0003-113x150.jpg 113w, https:\/\/www.rotarymodena.it\/wp-content\/uploads\/2023\/04\/IMG-20230404-WA0003-1152x1536.jpg 1152w, https:\/\/www.rotarymodena.it\/wp-content\/uploads\/2023\/04\/IMG-20230404-WA0003.jpg 1200w\" sizes=\"auto, (max-width: 768px) 100vw, 768px\" \/><\/a><\/figure>\n<\/figure>\n","protected":false},"excerpt":{"rendered":"<p>Il Presidente Enrico Lupi, aprendo la conviviale, da Vinicio, ha salutato con piacere il ritorno del Past Governor Mario Baraldi, assente per un paio di mesi per problemi di salute ed ha sottolineato la presenza di numerosi ospiti richiamati dalla curiosit\u00e0 per l\u2019argomento della serata: relatore il nostro socio Vittorio Giovetti che ci ha parlato [&hellip;]<\/p>\n","protected":false},"author":251,"featured_media":8981,"comment_status":"open","ping_status":"closed","sticky":false,"template":"","format":"standard","meta":{"_acf_changed":false,"footnotes":""},"categories":[8],"tags":[],"class_list":["post-8977","post","type-post","status-publish","format-standard","has-post-thumbnail","hentry","category-news","has_thumb"],"acf":[],"_links":{"self":[{"href":"https:\/\/www.rotarymodena.it\/index.php?rest_route=\/wp\/v2\/posts\/8977","targetHints":{"allow":["GET"]}}],"collection":[{"href":"https:\/\/www.rotarymodena.it\/index.php?rest_route=\/wp\/v2\/posts"}],"about":[{"href":"https:\/\/www.rotarymodena.it\/index.php?rest_route=\/wp\/v2\/types\/post"}],"author":[{"embeddable":true,"href":"https:\/\/www.rotarymodena.it\/index.php?rest_route=\/wp\/v2\/users\/251"}],"replies":[{"embeddable":true,"href":"https:\/\/www.rotarymodena.it\/index.php?rest_route=%2Fwp%2Fv2%2Fcomments&post=8977"}],"version-history":[{"count":13,"href":"https:\/\/www.rotarymodena.it\/index.php?rest_route=\/wp\/v2\/posts\/8977\/revisions"}],"predecessor-version":[{"id":8997,"href":"https:\/\/www.rotarymodena.it\/index.php?rest_route=\/wp\/v2\/posts\/8977\/revisions\/8997"}],"wp:featuredmedia":[{"embeddable":true,"href":"https:\/\/www.rotarymodena.it\/index.php?rest_route=\/wp\/v2\/media\/8981"}],"wp:attachment":[{"href":"https:\/\/www.rotarymodena.it\/index.php?rest_route=%2Fwp%2Fv2%2Fmedia&parent=8977"}],"wp:term":[{"taxonomy":"category","embeddable":true,"href":"https:\/\/www.rotarymodena.it\/index.php?rest_route=%2Fwp%2Fv2%2Fcategories&post=8977"},{"taxonomy":"post_tag","embeddable":true,"href":"https:\/\/www.rotarymodena.it\/index.php?rest_route=%2Fwp%2Fv2%2Ftags&post=8977"}],"curies":[{"name":"wp","href":"https:\/\/api.w.org\/{rel}","templated":true}]}}