{"id":8906,"date":"2023-01-13T09:58:16","date_gmt":"2023-01-13T08:58:16","guid":{"rendered":"https:\/\/www.rotarymodena.it\/?p=8906"},"modified":"2023-01-13T10:05:31","modified_gmt":"2023-01-13T09:05:31","slug":"resoconto-della-conviviale-del-10-gennaio-2023","status":"publish","type":"post","link":"https:\/\/www.rotarymodena.it\/?p=8906","title":{"rendered":"Resoconto della Conviviale del 10 Gennaio 2023"},"content":{"rendered":"\n<p>Per la prima conviviale del 2023, un caminetto per soli soci con argomenti rotariani, siamo ritornati al Caff\u00e8 Concerto in Piazza Grande, dove ci eravamo salutati con un brindisi la settimana prima di Natale, ricevendo riscontri positivi per la location.<br>Il Presidente Enrico Lupi, dopo aver salutato Cristina Broglia, rotariana del Club di Malm\u00f6 in Svezia, a Modena per motivi di lavoro, ci ha dato il benvenuto al ritorno dopo le festivit\u00e0 natalizie e ci ha ricordato i prossimi impegni rotariani: marted\u00ec prossimo, in un Interclub col Gruppo Ghirlandina, avremo ospite Lucia Morselli, amministratore delegato di Acciaierie d\u2019Italia S.p.A., mentre marted\u00ec 24 gennaio il nostro socio Pierluigi Bancale ci parler\u00e0 di Associazione Futuro Onlus, ente benefico da lui creato per aiutare le persone a rischio di emarginazione sociale presenti sul territorio.<br>Al termine della serata si \u00e8 riunito il Consiglio Direttivo.<\/p>\n\n\n\n<p><br>Un caro saluto<br>Claudio Colombi<\/p>\n\n\n\n<figure class=\"wp-block-gallery aligncenter has-nested-images columns-1 is-cropped wp-block-gallery-1 is-layout-flex wp-block-gallery-is-layout-flex\">\n<figure class=\"wp-block-image size-large\"><a href=\"https:\/\/www.rotarymodena.it\/wp-content\/uploads\/2023\/01\/IMG-20230110-WA0006.jpg\"><img loading=\"lazy\" decoding=\"async\" width=\"768\" height=\"1024\" data-id=\"8907\" src=\"https:\/\/www.rotarymodena.it\/wp-content\/uploads\/2023\/01\/IMG-20230110-WA0006-768x1024.jpg\" alt=\"\" class=\"wp-image-8907\" srcset=\"https:\/\/www.rotarymodena.it\/wp-content\/uploads\/2023\/01\/IMG-20230110-WA0006-768x1024.jpg 768w, https:\/\/www.rotarymodena.it\/wp-content\/uploads\/2023\/01\/IMG-20230110-WA0006-225x300.jpg 225w, https:\/\/www.rotarymodena.it\/wp-content\/uploads\/2023\/01\/IMG-20230110-WA0006-113x150.jpg 113w, https:\/\/www.rotarymodena.it\/wp-content\/uploads\/2023\/01\/IMG-20230110-WA0006-1152x1536.jpg 1152w, https:\/\/www.rotarymodena.it\/wp-content\/uploads\/2023\/01\/IMG-20230110-WA0006.jpg 1200w\" sizes=\"auto, (max-width: 768px) 100vw, 768px\" \/><\/a><\/figure>\n\n\n\n<figure class=\"wp-block-image size-large\"><a href=\"https:\/\/www.rotarymodena.it\/wp-content\/uploads\/2023\/01\/IMG-20230110-WA0017.jpg\"><img loading=\"lazy\" decoding=\"async\" width=\"768\" height=\"1024\" data-id=\"8908\" src=\"https:\/\/www.rotarymodena.it\/wp-content\/uploads\/2023\/01\/IMG-20230110-WA0017-768x1024.jpg\" alt=\"\" class=\"wp-image-8908\" srcset=\"https:\/\/www.rotarymodena.it\/wp-content\/uploads\/2023\/01\/IMG-20230110-WA0017-768x1024.jpg 768w, https:\/\/www.rotarymodena.it\/wp-content\/uploads\/2023\/01\/IMG-20230110-WA0017-225x300.jpg 225w, https:\/\/www.rotarymodena.it\/wp-content\/uploads\/2023\/01\/IMG-20230110-WA0017-113x150.jpg 113w, https:\/\/www.rotarymodena.it\/wp-content\/uploads\/2023\/01\/IMG-20230110-WA0017-1152x1536.jpg 1152w, https:\/\/www.rotarymodena.it\/wp-content\/uploads\/2023\/01\/IMG-20230110-WA0017.jpg 1200w\" sizes=\"auto, (max-width: 768px) 100vw, 768px\" \/><\/a><\/figure>\n\n\n\n<figure class=\"wp-block-image size-large\"><a href=\"https:\/\/www.rotarymodena.it\/wp-content\/uploads\/2023\/01\/IMG-20230110-WA0018.jpg\"><img loading=\"lazy\" decoding=\"async\" width=\"768\" height=\"1024\" data-id=\"8909\" src=\"https:\/\/www.rotarymodena.it\/wp-content\/uploads\/2023\/01\/IMG-20230110-WA0018-768x1024.jpg\" alt=\"\" class=\"wp-image-8909\" srcset=\"https:\/\/www.rotarymodena.it\/wp-content\/uploads\/2023\/01\/IMG-20230110-WA0018-768x1024.jpg 768w, https:\/\/www.rotarymodena.it\/wp-content\/uploads\/2023\/01\/IMG-20230110-WA0018-225x300.jpg 225w, https:\/\/www.rotarymodena.it\/wp-content\/uploads\/2023\/01\/IMG-20230110-WA0018-113x150.jpg 113w, https:\/\/www.rotarymodena.it\/wp-content\/uploads\/2023\/01\/IMG-20230110-WA0018-1152x1536.jpg 1152w, https:\/\/www.rotarymodena.it\/wp-content\/uploads\/2023\/01\/IMG-20230110-WA0018.jpg 1200w\" sizes=\"auto, (max-width: 768px) 100vw, 768px\" \/><\/a><\/figure>\n<\/figure>\n","protected":false},"excerpt":{"rendered":"<p>Per la prima conviviale del 2023, un caminetto per soli soci con argomenti rotariani, siamo ritornati al Caff\u00e8 Concerto in Piazza Grande, dove ci eravamo salutati con un brindisi la settimana prima di Natale, ricevendo riscontri positivi per la location.Il Presidente Enrico Lupi, dopo aver salutato Cristina Broglia, rotariana del Club di Malm\u00f6 in Svezia, [&hellip;]<\/p>\n","protected":false},"author":251,"featured_media":8907,"comment_status":"open","ping_status":"closed","sticky":false,"template":"","format":"standard","meta":{"_acf_changed":false,"footnotes":""},"categories":[8],"tags":[],"class_list":["post-8906","post","type-post","status-publish","format-standard","has-post-thumbnail","hentry","category-news","has_thumb"],"acf":[],"_links":{"self":[{"href":"https:\/\/www.rotarymodena.it\/index.php?rest_route=\/wp\/v2\/posts\/8906","targetHints":{"allow":["GET"]}}],"collection":[{"href":"https:\/\/www.rotarymodena.it\/index.php?rest_route=\/wp\/v2\/posts"}],"about":[{"href":"https:\/\/www.rotarymodena.it\/index.php?rest_route=\/wp\/v2\/types\/post"}],"author":[{"embeddable":true,"href":"https:\/\/www.rotarymodena.it\/index.php?rest_route=\/wp\/v2\/users\/251"}],"replies":[{"embeddable":true,"href":"https:\/\/www.rotarymodena.it\/index.php?rest_route=%2Fwp%2Fv2%2Fcomments&post=8906"}],"version-history":[{"count":5,"href":"https:\/\/www.rotarymodena.it\/index.php?rest_route=\/wp\/v2\/posts\/8906\/revisions"}],"predecessor-version":[{"id":8915,"href":"https:\/\/www.rotarymodena.it\/index.php?rest_route=\/wp\/v2\/posts\/8906\/revisions\/8915"}],"wp:featuredmedia":[{"embeddable":true,"href":"https:\/\/www.rotarymodena.it\/index.php?rest_route=\/wp\/v2\/media\/8907"}],"wp:attachment":[{"href":"https:\/\/www.rotarymodena.it\/index.php?rest_route=%2Fwp%2Fv2%2Fmedia&parent=8906"}],"wp:term":[{"taxonomy":"category","embeddable":true,"href":"https:\/\/www.rotarymodena.it\/index.php?rest_route=%2Fwp%2Fv2%2Fcategories&post=8906"},{"taxonomy":"post_tag","embeddable":true,"href":"https:\/\/www.rotarymodena.it\/index.php?rest_route=%2Fwp%2Fv2%2Ftags&post=8906"}],"curies":[{"name":"wp","href":"https:\/\/api.w.org\/{rel}","templated":true}]}}