{"id":8599,"date":"2022-11-15T10:12:05","date_gmt":"2022-11-15T09:12:05","guid":{"rendered":"https:\/\/www.rotarymodena.it\/?p=8599"},"modified":"2022-11-15T10:12:05","modified_gmt":"2022-11-15T09:12:05","slug":"resoconto-della-conviviale-dell8-novembre-2022","status":"publish","type":"post","link":"https:\/\/www.rotarymodena.it\/?p=8599","title":{"rendered":"Resoconto della Conviviale dell\u20198 novembre 2022"},"content":{"rendered":"\n<p>Ci siamo trovati in Duomo alle ore 19 per assistere alla Santa Messa a suffragio dei defunti rotariani, officiata da S.E.R. Monsignor Erio Castellucci: al termine abbiamo raggiunto la vicina mensa \u201cGhirlandina\u201d, dove si \u00e8 svolta la conviviale.<br>A causa dell\u2019assenza per indisposizione del Presidente Enrico Lupi, ha presieduto la serata il Vicepresidente Marco Righi, il quale ha brevemente ricordato i prossimi impegni rotariani: marted\u00ec prossimo 15 novembre ci sar\u00e0 da Vinicio la visita del nostro Governatore Luciano Alfieri, mentre marted\u00ec 29 novembre presso il ristorante Anna si terr\u00e0 l\u2019 Assemblea Ordinaria dei soci durante la quale verranno eletti il Presidente per l\u2019annata rotariana 2024-2025 ed il Consiglio Direttivo per l\u2019annata rotariana 2023-2024.<br>Marco ha poi ricordato che il PDG Mario Baraldi \u00e8 stato nominato da tutti i Governatori della zona 14 \u201cPresidente della Sezione Nazionale Italiana del Comitato Interpaese Italia, Malta, San Marino, Israele\u201d per il triennio 2022-2025: a Mario vanno i rallegramenti di tutto il Club.<br>Ha poi preso la parola la Past President Silvia Menabue che ha voluto sottolineare una cerimonia molto importante che si terr\u00e0 mercoled\u00ec 16 novembre alle ore 19,30 al Bar Arcobaleno in Via Toniolo 125 a Modena, e cio\u00e8 la consegna di un Premio Ghirlandina straordinario. Nel corso della scorsa annata il nostro socio Fabio Sgarbi ha realizzato il sito del Premio Ghirlandina: anzich\u00e9 percepire il compenso a lui riconosciuto per questa sua prestazione, Fabio ha voluto devolvere la cifra al CEIS di Modena, in accordo con Silvia, sua Presidente 2021-2022. Questo suo service, che si \u00e8 deciso di chiamare Premio Ghirlandina Straordinario, verr\u00e0 appunto consegnato mercoled\u00ec prossimo nelle mani di Padre Giuliano Stenico. Saranno presenti il PDG Stefano Spagna Musso, Governatore in carica durante il premio Ghirlandina cui si accoda questo straordinario, e Fiorella Sgallari, Governatrice eletta per l\u2019annata rotariana 2023-2024. All\u2019amico Fabio, presente questa sera, abbiamo rivolto un caloroso applauso di ringraziamento.<br>Il suono della campana ha concluso la serata.<\/p>\n\n\n\n<p><br>Un caro saluto<br>Claudio Colombi<\/p>\n\n\n\n<figure class=\"wp-block-gallery has-nested-images columns-default is-cropped wp-block-gallery-1 is-layout-flex wp-block-gallery-is-layout-flex\">\n<figure class=\"wp-block-image size-large\"><a href=\"https:\/\/www.rotarymodena.it\/wp-content\/uploads\/2022\/11\/IMG-20221109-WA0019.jpg\"><img loading=\"lazy\" decoding=\"async\" width=\"721\" height=\"1600\" data-id=\"8603\" src=\"https:\/\/www.rotarymodena.it\/wp-content\/uploads\/2022\/11\/IMG-20221109-WA0019.jpg\" alt=\"\" class=\"wp-image-8603\" srcset=\"https:\/\/www.rotarymodena.it\/wp-content\/uploads\/2022\/11\/IMG-20221109-WA0019.jpg 721w, https:\/\/www.rotarymodena.it\/wp-content\/uploads\/2022\/11\/IMG-20221109-WA0019-135x300.jpg 135w, https:\/\/www.rotarymodena.it\/wp-content\/uploads\/2022\/11\/IMG-20221109-WA0019-461x1024.jpg 461w, https:\/\/www.rotarymodena.it\/wp-content\/uploads\/2022\/11\/IMG-20221109-WA0019-68x150.jpg 68w, https:\/\/www.rotarymodena.it\/wp-content\/uploads\/2022\/11\/IMG-20221109-WA0019-692x1536.jpg 692w\" sizes=\"auto, (max-width: 721px) 100vw, 721px\" \/><\/a><\/figure>\n\n\n\n<figure class=\"wp-block-image size-large\"><a href=\"https:\/\/www.rotarymodena.it\/wp-content\/uploads\/2022\/11\/IMG-20221109-WA0017.jpg\"><img loading=\"lazy\" decoding=\"async\" width=\"1600\" height=\"721\" data-id=\"8602\" src=\"https:\/\/www.rotarymodena.it\/wp-content\/uploads\/2022\/11\/IMG-20221109-WA0017.jpg\" alt=\"\" class=\"wp-image-8602\" srcset=\"https:\/\/www.rotarymodena.it\/wp-content\/uploads\/2022\/11\/IMG-20221109-WA0017.jpg 1600w, https:\/\/www.rotarymodena.it\/wp-content\/uploads\/2022\/11\/IMG-20221109-WA0017-300x135.jpg 300w, https:\/\/www.rotarymodena.it\/wp-content\/uploads\/2022\/11\/IMG-20221109-WA0017-1024x461.jpg 1024w, https:\/\/www.rotarymodena.it\/wp-content\/uploads\/2022\/11\/IMG-20221109-WA0017-150x68.jpg 150w, https:\/\/www.rotarymodena.it\/wp-content\/uploads\/2022\/11\/IMG-20221109-WA0017-768x346.jpg 768w, https:\/\/www.rotarymodena.it\/wp-content\/uploads\/2022\/11\/IMG-20221109-WA0017-1536x692.jpg 1536w\" sizes=\"auto, (max-width: 1600px) 100vw, 1600px\" \/><\/a><\/figure>\n\n\n\n<figure class=\"wp-block-image size-large\"><a href=\"https:\/\/www.rotarymodena.it\/wp-content\/uploads\/2022\/11\/IMG-20221109-WA0002.jpg\"><img loading=\"lazy\" decoding=\"async\" width=\"721\" height=\"1600\" data-id=\"8601\" src=\"https:\/\/www.rotarymodena.it\/wp-content\/uploads\/2022\/11\/IMG-20221109-WA0002.jpg\" alt=\"\" class=\"wp-image-8601\" srcset=\"https:\/\/www.rotarymodena.it\/wp-content\/uploads\/2022\/11\/IMG-20221109-WA0002.jpg 721w, https:\/\/www.rotarymodena.it\/wp-content\/uploads\/2022\/11\/IMG-20221109-WA0002-135x300.jpg 135w, https:\/\/www.rotarymodena.it\/wp-content\/uploads\/2022\/11\/IMG-20221109-WA0002-461x1024.jpg 461w, https:\/\/www.rotarymodena.it\/wp-content\/uploads\/2022\/11\/IMG-20221109-WA0002-68x150.jpg 68w, https:\/\/www.rotarymodena.it\/wp-content\/uploads\/2022\/11\/IMG-20221109-WA0002-692x1536.jpg 692w\" sizes=\"auto, (max-width: 721px) 100vw, 721px\" \/><\/a><\/figure>\n\n\n\n<figure class=\"wp-block-image size-large\"><a href=\"https:\/\/www.rotarymodena.it\/wp-content\/uploads\/2022\/11\/IMG-20221108-WA0001.jpg\"><img loading=\"lazy\" decoding=\"async\" width=\"1200\" height=\"1600\" data-id=\"8600\" src=\"https:\/\/www.rotarymodena.it\/wp-content\/uploads\/2022\/11\/IMG-20221108-WA0001.jpg\" alt=\"\" class=\"wp-image-8600\" srcset=\"https:\/\/www.rotarymodena.it\/wp-content\/uploads\/2022\/11\/IMG-20221108-WA0001.jpg 1200w, https:\/\/www.rotarymodena.it\/wp-content\/uploads\/2022\/11\/IMG-20221108-WA0001-225x300.jpg 225w, https:\/\/www.rotarymodena.it\/wp-content\/uploads\/2022\/11\/IMG-20221108-WA0001-768x1024.jpg 768w, https:\/\/www.rotarymodena.it\/wp-content\/uploads\/2022\/11\/IMG-20221108-WA0001-113x150.jpg 113w, https:\/\/www.rotarymodena.it\/wp-content\/uploads\/2022\/11\/IMG-20221108-WA0001-1152x1536.jpg 1152w\" sizes=\"auto, (max-width: 1200px) 100vw, 1200px\" \/><\/a><\/figure>\n<\/figure>\n","protected":false},"excerpt":{"rendered":"<p>Ci siamo trovati in Duomo alle ore 19 per assistere alla Santa Messa a suffragio dei defunti rotariani, officiata da S.E.R. Monsignor Erio Castellucci: al termine abbiamo raggiunto la vicina mensa \u201cGhirlandina\u201d, dove si \u00e8 svolta la conviviale.A causa dell\u2019assenza per indisposizione del Presidente Enrico Lupi, ha presieduto la serata il Vicepresidente Marco Righi, il [&hellip;]<\/p>\n","protected":false},"author":251,"featured_media":8603,"comment_status":"open","ping_status":"closed","sticky":false,"template":"","format":"standard","meta":{"_acf_changed":false,"footnotes":""},"categories":[8],"tags":[],"class_list":["post-8599","post","type-post","status-publish","format-standard","has-post-thumbnail","hentry","category-news","has_thumb"],"acf":[],"_links":{"self":[{"href":"https:\/\/www.rotarymodena.it\/index.php?rest_route=\/wp\/v2\/posts\/8599","targetHints":{"allow":["GET"]}}],"collection":[{"href":"https:\/\/www.rotarymodena.it\/index.php?rest_route=\/wp\/v2\/posts"}],"about":[{"href":"https:\/\/www.rotarymodena.it\/index.php?rest_route=\/wp\/v2\/types\/post"}],"author":[{"embeddable":true,"href":"https:\/\/www.rotarymodena.it\/index.php?rest_route=\/wp\/v2\/users\/251"}],"replies":[{"embeddable":true,"href":"https:\/\/www.rotarymodena.it\/index.php?rest_route=%2Fwp%2Fv2%2Fcomments&post=8599"}],"version-history":[{"count":1,"href":"https:\/\/www.rotarymodena.it\/index.php?rest_route=\/wp\/v2\/posts\/8599\/revisions"}],"predecessor-version":[{"id":8604,"href":"https:\/\/www.rotarymodena.it\/index.php?rest_route=\/wp\/v2\/posts\/8599\/revisions\/8604"}],"wp:featuredmedia":[{"embeddable":true,"href":"https:\/\/www.rotarymodena.it\/index.php?rest_route=\/wp\/v2\/media\/8603"}],"wp:attachment":[{"href":"https:\/\/www.rotarymodena.it\/index.php?rest_route=%2Fwp%2Fv2%2Fmedia&parent=8599"}],"wp:term":[{"taxonomy":"category","embeddable":true,"href":"https:\/\/www.rotarymodena.it\/index.php?rest_route=%2Fwp%2Fv2%2Fcategories&post=8599"},{"taxonomy":"post_tag","embeddable":true,"href":"https:\/\/www.rotarymodena.it\/index.php?rest_route=%2Fwp%2Fv2%2Ftags&post=8599"}],"curies":[{"name":"wp","href":"https:\/\/api.w.org\/{rel}","templated":true}]}}