{"id":8552,"date":"2022-09-08T07:54:15","date_gmt":"2022-09-08T06:54:15","guid":{"rendered":"https:\/\/www.rotarymodena.it\/?p=8552"},"modified":"2022-09-08T07:54:15","modified_gmt":"2022-09-08T06:54:15","slug":"resoconto-della-conviviale-del-6-settembre-2022","status":"publish","type":"post","link":"https:\/\/www.rotarymodena.it\/?p=8552","title":{"rendered":"Resoconto della conviviale del 6 settembre 2022"},"content":{"rendered":"\n<p>a prima conviviale dopo le ferie estive si \u00e8 svolta presso Villa \u201cCasino Riva\u201d a Bagazzano di Nonantola: il Presidente Enrico Lupi, dopo avere salutato gli ospiti presenti, tra cui l\u2019Assistente del Governatore per l\u2019Area Ghirlandina Eugenio Boni e la Presidente del Rotaract Anna Berta Dallari Bondanini, ha sottolineato il piacere di ritrovarsi, all\u2019inizio di un mese, settembre, che ci vede impegnati con un programma molto intenso. Ha poi presentato la relatrice della serata, la Dr.ssa Vania Franceschelli, Presidente dell\u2019Ordine del Nocino Modenese, che ci ha parlato su \u201cIl Nocino, dai Picti ai giorni nostri, tra storia, leggende e tradizioni\u201d. La Dr.ssa Franceschelli, consulente finanziaria, oltre ad essere Presidente dell\u2019Ordine del Nocino Modenese, \u00e8 Maestra Assaggiatrice dell\u2019 Aceto Balsamico Tradizionale di Modena, Dama del Tortellino Tradizionale di Castelfranco, Sommelier, e Assaggiatrice di Grappe.<br>La Dr.ssa Franceschelli, prendendo la parola, ha ricordato come la passione per il nocino, l\u2019aceto balsamico e tutte le tradizioni culinarie modenesi le \u00e8 nata dal fatto di essere figlia di agricoltori: fin da bambina \u00e8 vissuta in mezzo a queste tradizioni, poi le ha studiate e le ha praticate. Il nocino non \u00e8 di origine modenese, i Romani vedono per la prima volta bere questo infuso dal popolo dei Picti, che vivevano in Britannia, pi\u00f9 o meno a livello dell\u2019odierna Scozia. In pi\u00f9 l\u2019albero delle noci pare avere origine dalle regioni del Caucaso ed \u00e8 molto diffuso in tutto il bacino del Mediterraneo, il liquore \u00e8 molto apprezzato anche in Sicilia, Campania, Abruzzo e praticamente in tutta Italia. Le ricette per fare il nocino sono tante, l\u2019Ordine ne suggerisce una che ci ha gentilmente concesso in un depliant illustrativo: ma le variazioni sono tante, essendo un liquore prevalentemente a produzione familiare, le formule possono variare moltissimo circa la quantit\u00e0 degli ingredienti obbligatori (alcool, zucchero, noci, sempre in numero dispari), il procedimento, l\u2019aggiunta o meno di ingredienti facoltativi (chiodi di garofano e cannella, sempre in quantit\u00e0 minime, perch\u00e9 \u201cpoco \u00e8 gi\u00e0 troppo\u201d) e cos\u00ec via.<br>L\u2019Ordine del Nocino Modenese \u00e8 una Associazione fondata a Spilamberto nel 1978 da un gruppo di signore con lo scopo di promuovere, tutelare e tramandare la tradizione della produzione familiare di un\u2019importante prodotto tipico del territorio: ha la sua sede storica nel Torrione Medioevale di Spilamberto e fino al 2005 potevano entrare nel Consiglio Direttivo dell\u2019Ordine solo donne e questo perch\u00e9, nella tradizione contadina, la preparazione del nocino \u00e8 sempre stata una esclusiva della \u201cRezdora\u201d, ossia della reggitrice che curava la gestione della casa. Per tradizione viene indicata la notte di San Giovanni (23-24 giugno) per la raccolta delle noci ancora verdi. Ogni anno l\u2019Ordine organizza una gara denominata \u201cPalio di San Valentino\u201d destinata a decretare i migliori nocini di produzione familiare in Italia: a tale competizione possono partecipare tutti coloro che desiderano sottoporre il proprio nocino al giudizio degli esperti assaggiatori o che necessitano di un parere su come poterlo migliorare o perfezionare.<br>Al termine della interessante relazione abbiamo assaggiato un buonissimo nocino, imparando anche come si degusta: bisogna guardarne il colore, sentirne l\u2019odore, assaggiarne il gusto, avendo presente che in bocca dobbiamo percepirne il corpo, la pastosit\u00e0, il sapore delle noci e l\u2019armonia. La Dr.ssa Franceschelli ha poi gentilmente risposto ad alcune domande degli ospiti presenti, circa la temperatura di servizio, che deve essere obbligatoriamente quella ambientale, circa la quantit\u00e0 che \u00e8 possibile tenere in casa, che per legge non deve essere superiore a 25 litri per famiglia, circa l\u2019invecchiamento del liquore, che non deve superare i 3-4 anni, circa la richiesta della DOP alla Comunit\u00e0 Europea, non ancora ricevuta.<br>Il Presidente Enrico Lupi, chiudendo la conviviale, ha ricordato che i due prossimi impegni rotariani sono di sabato, il 17 settembre alle ore 18 in Piazza Grande per la Lectio Rotary del Festival della Filosofia cui seguir\u00e0 un\u2019apericena alla Secchia Rapita, e il 24 settembre per la Cena di Gala al Palazzo Ducale in occasione del Comitato Interpaese organizzato dal Past Governor Mario Baraldi coi rotariani dei Distretti di Italia, Malta, San Marino, Svizzera e Liechtenstein.<br>Cordiali saluti<br>Claudio Colombi<\/p>\n\n\n\n<figure class=\"wp-block-gallery has-nested-images columns-default is-cropped wp-block-gallery-1 is-layout-flex wp-block-gallery-is-layout-flex\">\n<figure class=\"wp-block-image size-large\"><a href=\"https:\/\/www.rotarymodena.it\/wp-content\/uploads\/2022\/09\/IMG-20220906-WA0009-1.jpg\"><img loading=\"lazy\" decoding=\"async\" width=\"1024\" height=\"768\" data-id=\"8556\" src=\"https:\/\/www.rotarymodena.it\/wp-content\/uploads\/2022\/09\/IMG-20220906-WA0009-1-1024x768.jpg\" alt=\"\" class=\"wp-image-8556\" srcset=\"https:\/\/www.rotarymodena.it\/wp-content\/uploads\/2022\/09\/IMG-20220906-WA0009-1-1024x768.jpg 1024w, https:\/\/www.rotarymodena.it\/wp-content\/uploads\/2022\/09\/IMG-20220906-WA0009-1-300x225.jpg 300w, https:\/\/www.rotarymodena.it\/wp-content\/uploads\/2022\/09\/IMG-20220906-WA0009-1-150x113.jpg 150w, https:\/\/www.rotarymodena.it\/wp-content\/uploads\/2022\/09\/IMG-20220906-WA0009-1-768x576.jpg 768w, https:\/\/www.rotarymodena.it\/wp-content\/uploads\/2022\/09\/IMG-20220906-WA0009-1-1536x1152.jpg 1536w, https:\/\/www.rotarymodena.it\/wp-content\/uploads\/2022\/09\/IMG-20220906-WA0009-1.jpg 2048w\" sizes=\"auto, (max-width: 1024px) 100vw, 1024px\" \/><\/a><\/figure>\n\n\n\n<figure class=\"wp-block-image size-large\"><a href=\"https:\/\/www.rotarymodena.it\/wp-content\/uploads\/2022\/09\/IMG-20220906-WA0012-1.jpg\"><img loading=\"lazy\" decoding=\"async\" width=\"768\" height=\"1024\" data-id=\"8557\" src=\"https:\/\/www.rotarymodena.it\/wp-content\/uploads\/2022\/09\/IMG-20220906-WA0012-1-768x1024.jpg\" alt=\"\" class=\"wp-image-8557\" srcset=\"https:\/\/www.rotarymodena.it\/wp-content\/uploads\/2022\/09\/IMG-20220906-WA0012-1-768x1024.jpg 768w, https:\/\/www.rotarymodena.it\/wp-content\/uploads\/2022\/09\/IMG-20220906-WA0012-1-225x300.jpg 225w, https:\/\/www.rotarymodena.it\/wp-content\/uploads\/2022\/09\/IMG-20220906-WA0012-1-113x150.jpg 113w, https:\/\/www.rotarymodena.it\/wp-content\/uploads\/2022\/09\/IMG-20220906-WA0012-1-1152x1536.jpg 1152w, https:\/\/www.rotarymodena.it\/wp-content\/uploads\/2022\/09\/IMG-20220906-WA0012-1.jpg 1536w\" sizes=\"auto, (max-width: 768px) 100vw, 768px\" \/><\/a><\/figure>\n\n\n\n<figure class=\"wp-block-image size-large\"><a href=\"https:\/\/www.rotarymodena.it\/wp-content\/uploads\/2022\/09\/IMG-20220906-WA0024-1.jpg\"><img loading=\"lazy\" decoding=\"async\" width=\"768\" height=\"1024\" data-id=\"8558\" src=\"https:\/\/www.rotarymodena.it\/wp-content\/uploads\/2022\/09\/IMG-20220906-WA0024-1-768x1024.jpg\" alt=\"\" class=\"wp-image-8558\" srcset=\"https:\/\/www.rotarymodena.it\/wp-content\/uploads\/2022\/09\/IMG-20220906-WA0024-1-768x1024.jpg 768w, https:\/\/www.rotarymodena.it\/wp-content\/uploads\/2022\/09\/IMG-20220906-WA0024-1-225x300.jpg 225w, https:\/\/www.rotarymodena.it\/wp-content\/uploads\/2022\/09\/IMG-20220906-WA0024-1-113x150.jpg 113w, https:\/\/www.rotarymodena.it\/wp-content\/uploads\/2022\/09\/IMG-20220906-WA0024-1-1152x1536.jpg 1152w, https:\/\/www.rotarymodena.it\/wp-content\/uploads\/2022\/09\/IMG-20220906-WA0024-1.jpg 1536w\" sizes=\"auto, (max-width: 768px) 100vw, 768px\" \/><\/a><\/figure>\n<\/figure>\n","protected":false},"excerpt":{"rendered":"<p>a prima conviviale dopo le ferie estive si \u00e8 svolta presso Villa \u201cCasino Riva\u201d a Bagazzano di Nonantola: il Presidente Enrico Lupi, dopo avere salutato gli ospiti presenti, tra cui l\u2019Assistente del Governatore per l\u2019Area Ghirlandina Eugenio Boni e la Presidente del Rotaract Anna Berta Dallari Bondanini, ha sottolineato il piacere di ritrovarsi, all\u2019inizio di [&hellip;]<\/p>\n","protected":false},"author":251,"featured_media":8553,"comment_status":"open","ping_status":"closed","sticky":false,"template":"","format":"standard","meta":{"_acf_changed":false,"footnotes":""},"categories":[8],"tags":[],"class_list":["post-8552","post","type-post","status-publish","format-standard","has-post-thumbnail","hentry","category-news","has_thumb"],"acf":[],"_links":{"self":[{"href":"https:\/\/www.rotarymodena.it\/index.php?rest_route=\/wp\/v2\/posts\/8552","targetHints":{"allow":["GET"]}}],"collection":[{"href":"https:\/\/www.rotarymodena.it\/index.php?rest_route=\/wp\/v2\/posts"}],"about":[{"href":"https:\/\/www.rotarymodena.it\/index.php?rest_route=\/wp\/v2\/types\/post"}],"author":[{"embeddable":true,"href":"https:\/\/www.rotarymodena.it\/index.php?rest_route=\/wp\/v2\/users\/251"}],"replies":[{"embeddable":true,"href":"https:\/\/www.rotarymodena.it\/index.php?rest_route=%2Fwp%2Fv2%2Fcomments&post=8552"}],"version-history":[{"count":1,"href":"https:\/\/www.rotarymodena.it\/index.php?rest_route=\/wp\/v2\/posts\/8552\/revisions"}],"predecessor-version":[{"id":8559,"href":"https:\/\/www.rotarymodena.it\/index.php?rest_route=\/wp\/v2\/posts\/8552\/revisions\/8559"}],"wp:featuredmedia":[{"embeddable":true,"href":"https:\/\/www.rotarymodena.it\/index.php?rest_route=\/wp\/v2\/media\/8553"}],"wp:attachment":[{"href":"https:\/\/www.rotarymodena.it\/index.php?rest_route=%2Fwp%2Fv2%2Fmedia&parent=8552"}],"wp:term":[{"taxonomy":"category","embeddable":true,"href":"https:\/\/www.rotarymodena.it\/index.php?rest_route=%2Fwp%2Fv2%2Fcategories&post=8552"},{"taxonomy":"post_tag","embeddable":true,"href":"https:\/\/www.rotarymodena.it\/index.php?rest_route=%2Fwp%2Fv2%2Ftags&post=8552"}],"curies":[{"name":"wp","href":"https:\/\/api.w.org\/{rel}","templated":true}]}}