{"id":8387,"date":"2022-04-14T15:15:30","date_gmt":"2022-04-14T14:15:30","guid":{"rendered":"https:\/\/www.rotarymodena.it\/?p=8387"},"modified":"2022-04-14T15:15:31","modified_gmt":"2022-04-14T14:15:31","slug":"resoconto-della-conviviale-del-12-aprile-2022","status":"publish","type":"post","link":"https:\/\/www.rotarymodena.it\/?p=8387","title":{"rendered":"Resoconto della Conviviale del 12 Aprile 2022"},"content":{"rendered":"\n<p>Auguri pasquali ed argomenti rotariani sono stati i temi del caminetto che si \u00e8 svolto presso la Dispensa Emilia, nella nuova location di Via Cabassi.<br>La Presidente Silvia Menabue ha dato conto di quanto deciso dal Consiglio Direttivo nella riunione della scorsa settimana: per quanto riguarda l\u2019emergenza Ucraina doniamo \u20ac 3.500 al fondo emergenze del Distretto come indicato dal Governatore, per un progetto a sostegno di donne e bambini ucraini, con la collaborazione del centro di aiuto alla vita del nostro territorio (\u201cadotteremo\u201d per due anni un bimbo appena nato o che sta per nascere sostenendo la madre, sola e spesso vedova, nel sostenere i costi tipici per la crescita di un neonato). Non certo di minore importanza il contributo di \u20ac 1.000 a favore di End Polio Now per eradicare la poliomielite dagli ultimi due paesi in cui \u00e8 ancora presente, Afghanistan e Pakistan. E\u2019 in corso di valutazione la richiesta del Policlinico di un contributo per l\u2019allestimento di una sala ludica per minori all\u2019 ingresso del Policlinico stesso.<br>Marted\u00ec prossimo ci sar\u00e0 la visita del Governatore: per le ore 18 sono convocati i consiglieri ed i presidenti delle Commissioni, le relazioni sono gi\u00e0 state raccolte, \u00e8 stato completato il piano strategico triennale, il Governatore sar\u00e0 presente senza la consorte. La data \u00e8 un po\u2019 infelice, trattandosi del marted\u00ec dopo Pasqua, d\u2019altra parte l\u2019incontro ufficiale si \u00e8 svolto 2 mesi fa da remoto.<br>Gioved\u00ec 28 aprile al Teatro Comunale Pavarotti-Freni ci sar\u00e0 una rassegna musicale \u201cLe mille e una note\u201d, liberamente ispirata dal libro \u201cQuei gran pezzi dell\u2019 Emilia Romagna\u201d di Brunetto Salvarani ed Odoardo Semellini: per motivi organizzativi le richieste di adesione dovranno pervenire entro il 22 aprile, perch\u00e9 la biglietteria del teatro dovr\u00e0 emettere i biglietti nominativi.<br>In maggio da segnalare il Premio \u201cLa Bonissima\u201d che quest\u2019anno, su proposta del Presidente del Premio Paolo Vasco Ferrari e con l\u2019assenso del Consiglio Direttivo, verr\u00e0 assegnato ad una organizzazione sociale.<br>Ha preso poi la parola Eugenio Boni che ci ha dato notizia che il Rotary International ha premiato il nostro Club in quanto siamo arrivati secondi nel Distretto per la raccolta fondi nell\u2019annata 2020-2021, con una quota di 210 dollari pro capite. Eugenio ha consegnato il riconoscimento nelle mani del Presidente dell\u2019annata 2020-2021 Roberto Dino Villani.<br>Al termine, dopo i tradizionali auguri, Silvia ha consegnato ai presenti le uova pasquali, cadeau dell\u2019 Unione Italiana Ciechi ed Ipovedenti, nostro service.<br><\/p>\n\n\n\n<p>Auguri di Buona Pasqua a tutti<br>Claudio Colombi<\/p>\n\n\n\n<figure class=\"wp-block-gallery has-nested-images columns-default is-cropped wp-block-gallery-1 is-layout-flex wp-block-gallery-is-layout-flex\">\n<figure class=\"wp-block-image size-large\"><img loading=\"lazy\" decoding=\"async\" width=\"1600\" height=\"1200\" data-id=\"8391\" src=\"https:\/\/www.rotarymodena.it\/wp-content\/uploads\/2022\/04\/IMG-20220412-WA0023.jpg\" alt=\"\" class=\"wp-image-8391\" srcset=\"https:\/\/www.rotarymodena.it\/wp-content\/uploads\/2022\/04\/IMG-20220412-WA0023.jpg 1600w, https:\/\/www.rotarymodena.it\/wp-content\/uploads\/2022\/04\/IMG-20220412-WA0023-300x225.jpg 300w, https:\/\/www.rotarymodena.it\/wp-content\/uploads\/2022\/04\/IMG-20220412-WA0023-1024x768.jpg 1024w, https:\/\/www.rotarymodena.it\/wp-content\/uploads\/2022\/04\/IMG-20220412-WA0023-150x113.jpg 150w, https:\/\/www.rotarymodena.it\/wp-content\/uploads\/2022\/04\/IMG-20220412-WA0023-768x576.jpg 768w, https:\/\/www.rotarymodena.it\/wp-content\/uploads\/2022\/04\/IMG-20220412-WA0023-1536x1152.jpg 1536w\" sizes=\"auto, (max-width: 1600px) 100vw, 1600px\" \/><\/figure>\n\n\n\n<figure class=\"wp-block-image size-large\"><img loading=\"lazy\" decoding=\"async\" width=\"1600\" height=\"1200\" data-id=\"8389\" src=\"https:\/\/www.rotarymodena.it\/wp-content\/uploads\/2022\/04\/IMG-20220412-WA0016.jpg\" alt=\"\" class=\"wp-image-8389\" srcset=\"https:\/\/www.rotarymodena.it\/wp-content\/uploads\/2022\/04\/IMG-20220412-WA0016.jpg 1600w, https:\/\/www.rotarymodena.it\/wp-content\/uploads\/2022\/04\/IMG-20220412-WA0016-300x225.jpg 300w, https:\/\/www.rotarymodena.it\/wp-content\/uploads\/2022\/04\/IMG-20220412-WA0016-1024x768.jpg 1024w, https:\/\/www.rotarymodena.it\/wp-content\/uploads\/2022\/04\/IMG-20220412-WA0016-150x113.jpg 150w, https:\/\/www.rotarymodena.it\/wp-content\/uploads\/2022\/04\/IMG-20220412-WA0016-768x576.jpg 768w, https:\/\/www.rotarymodena.it\/wp-content\/uploads\/2022\/04\/IMG-20220412-WA0016-1536x1152.jpg 1536w\" sizes=\"auto, (max-width: 1600px) 100vw, 1600px\" \/><\/figure>\n\n\n\n<figure class=\"wp-block-image size-large\"><img loading=\"lazy\" decoding=\"async\" width=\"1600\" height=\"1200\" data-id=\"8390\" src=\"https:\/\/www.rotarymodena.it\/wp-content\/uploads\/2022\/04\/IMG-20220412-WA0020.jpg\" alt=\"\" class=\"wp-image-8390\" srcset=\"https:\/\/www.rotarymodena.it\/wp-content\/uploads\/2022\/04\/IMG-20220412-WA0020.jpg 1600w, https:\/\/www.rotarymodena.it\/wp-content\/uploads\/2022\/04\/IMG-20220412-WA0020-300x225.jpg 300w, https:\/\/www.rotarymodena.it\/wp-content\/uploads\/2022\/04\/IMG-20220412-WA0020-1024x768.jpg 1024w, https:\/\/www.rotarymodena.it\/wp-content\/uploads\/2022\/04\/IMG-20220412-WA0020-150x113.jpg 150w, https:\/\/www.rotarymodena.it\/wp-content\/uploads\/2022\/04\/IMG-20220412-WA0020-768x576.jpg 768w, https:\/\/www.rotarymodena.it\/wp-content\/uploads\/2022\/04\/IMG-20220412-WA0020-1536x1152.jpg 1536w\" sizes=\"auto, (max-width: 1600px) 100vw, 1600px\" \/><\/figure>\n\n\n\n<figure class=\"wp-block-image size-large\"><img loading=\"lazy\" decoding=\"async\" width=\"1024\" height=\"768\" data-id=\"8392\" src=\"https:\/\/www.rotarymodena.it\/wp-content\/uploads\/2022\/04\/IMG-20220413-WA0004.jpg\" alt=\"\" class=\"wp-image-8392\" srcset=\"https:\/\/www.rotarymodena.it\/wp-content\/uploads\/2022\/04\/IMG-20220413-WA0004.jpg 1024w, https:\/\/www.rotarymodena.it\/wp-content\/uploads\/2022\/04\/IMG-20220413-WA0004-300x225.jpg 300w, https:\/\/www.rotarymodena.it\/wp-content\/uploads\/2022\/04\/IMG-20220413-WA0004-150x113.jpg 150w, https:\/\/www.rotarymodena.it\/wp-content\/uploads\/2022\/04\/IMG-20220413-WA0004-768x576.jpg 768w\" sizes=\"auto, (max-width: 1024px) 100vw, 1024px\" \/><\/figure>\n<\/figure>\n\n\n\n<p><\/p>\n","protected":false},"excerpt":{"rendered":"<p>Auguri pasquali ed argomenti rotariani sono stati i temi del caminetto che si \u00e8 svolto presso la Dispensa Emilia, nella nuova location di Via Cabassi.La Presidente Silvia Menabue ha dato conto di quanto deciso dal Consiglio Direttivo nella riunione della scorsa settimana: per quanto riguarda l\u2019emergenza Ucraina doniamo \u20ac 3.500 al fondo emergenze del Distretto [&hellip;]<\/p>\n","protected":false},"author":251,"featured_media":8392,"comment_status":"open","ping_status":"closed","sticky":false,"template":"","format":"standard","meta":{"_acf_changed":false,"footnotes":""},"categories":[8],"tags":[],"class_list":["post-8387","post","type-post","status-publish","format-standard","has-post-thumbnail","hentry","category-news","has_thumb"],"acf":[],"_links":{"self":[{"href":"https:\/\/www.rotarymodena.it\/index.php?rest_route=\/wp\/v2\/posts\/8387","targetHints":{"allow":["GET"]}}],"collection":[{"href":"https:\/\/www.rotarymodena.it\/index.php?rest_route=\/wp\/v2\/posts"}],"about":[{"href":"https:\/\/www.rotarymodena.it\/index.php?rest_route=\/wp\/v2\/types\/post"}],"author":[{"embeddable":true,"href":"https:\/\/www.rotarymodena.it\/index.php?rest_route=\/wp\/v2\/users\/251"}],"replies":[{"embeddable":true,"href":"https:\/\/www.rotarymodena.it\/index.php?rest_route=%2Fwp%2Fv2%2Fcomments&post=8387"}],"version-history":[{"count":2,"href":"https:\/\/www.rotarymodena.it\/index.php?rest_route=\/wp\/v2\/posts\/8387\/revisions"}],"predecessor-version":[{"id":8393,"href":"https:\/\/www.rotarymodena.it\/index.php?rest_route=\/wp\/v2\/posts\/8387\/revisions\/8393"}],"wp:featuredmedia":[{"embeddable":true,"href":"https:\/\/www.rotarymodena.it\/index.php?rest_route=\/wp\/v2\/media\/8392"}],"wp:attachment":[{"href":"https:\/\/www.rotarymodena.it\/index.php?rest_route=%2Fwp%2Fv2%2Fmedia&parent=8387"}],"wp:term":[{"taxonomy":"category","embeddable":true,"href":"https:\/\/www.rotarymodena.it\/index.php?rest_route=%2Fwp%2Fv2%2Fcategories&post=8387"},{"taxonomy":"post_tag","embeddable":true,"href":"https:\/\/www.rotarymodena.it\/index.php?rest_route=%2Fwp%2Fv2%2Ftags&post=8387"}],"curies":[{"name":"wp","href":"https:\/\/api.w.org\/{rel}","templated":true}]}}