{"id":8357,"date":"2022-03-11T12:21:42","date_gmt":"2022-03-11T11:21:42","guid":{"rendered":"https:\/\/www.rotarymodena.it\/?p=8357"},"modified":"2022-03-11T12:21:44","modified_gmt":"2022-03-11T11:21:44","slug":"resoconto-della-conviviale-del-8-marzo-2022","status":"publish","type":"post","link":"https:\/\/www.rotarymodena.it\/?p=8357","title":{"rendered":"Resoconto della Conviviale del 8 Marzo 2022"},"content":{"rendered":"\n<p>La Presidente Silvia Menabue, aprendo la serata, in presenza presso il Ristorante Vinicio, ha sottolineato il momento di grande preoccupazione che stiamo vivendo con la guerra in Ucraina ed ha ribadito che il Rotary \u00e8 chiamato ad affermare con ferma determinazione il proprio impegno sui valori fondanti la societ\u00e0 civile: pace, solidariet\u00e0, fratellanza e tutela dei diritti umani. A tal proposito Silvia ha ricordato che il nostro Governatore Spagna Russo ha aperto una raccolta fondi su un conto corrente attivo per le emergenze, ed ha invitato, chi ne avesse la possibilit\u00e0, ad ospitare madri e bambini segnalandolo al Club o al Distretto.<br>La conviviale, nell\u2019ambito del dialogo con le istituzioni, ha avuto come ospite e relatore il Dr. Claudio Vagnini, Direttore Generale dell\u2019Azienda Ospedaliero Universitaria di Modena, che ci ha parlato di \u201cGli Istituti ospedalieri pubblici e la sfida dell\u2019innovazione tecnologica: l\u2019esperienza dell\u2019Azienda Ospedaliero Universitaria di Modena\u201d.<br>Il Dr. Vagnini, dopo avere ricordato brevemente la propria esperienza professionale, che l\u2019ha portato a dirigere vari distretti dell\u2019 USL di Modena e poi a fare il Direttore Generale dell\u2019 USL di Ferrara, per finire dalla scorsa estate a dirigere l\u2019AUO di Modena, ha sottolineato come il comparto chirurgico di entrambi gli ospedali modenesi, il Policlinico e l\u2019Ospedale Estense di Baggiovara, sia una eccellenza della nostra sanit\u00e0 pubblica. Due anni di pandemia hanno portato molti problemi alla sanit\u00e0, soprattutto in ambito chirurgico: siamo rimasti molto indietro con gli interventi chirurgici ordinari. Tra il Policlinico e l\u2019 Estense abbiamo circa 1100 posti letto per le varie branche chirurgiche, che comportano una assistenza molto diversificata e complessa: per aumentare la capacit\u00e0 chirurgica esistono anche delle collaborazioni con altri ospedali della provincia e pure di fuori provincia, in special modo con Reggio Emilia, avendo l\u2019 Universit\u00e0 in comune.<br>Le chirurgie modenesi sono pure un polo di riferimento per la formazione teorico e pratica dei giovani chirurghi e possono vantare eccellenze anche nella chirurgia robotica: in pi\u00f9 a Baggiovara \u00e8 attiva da circa tre anni una sala ibrida, con gi\u00e0 in cantiere circa 1800 interventi. La sala ibrida \u00e8 una speciale sala operatoria, alla cui realizzazione hanno contribuito oltre a varie importanti aziende private anche i cittadini modenesi con le loro donazioni, dotata di un elevato livello tecnologico delle sue apparecchiature radiologiche, che permette di utilizzare tecniche ibride di diagnosi e terapia, grazie al lavoro di equipe di diversi specialisti, con ci\u00f2 riducendo i rischi per i pazienti che non devono essere trasferiti in ambienti diversi per effettuare gli accertamenti necessari.<br>Un altro punto di forza della chirurgia modenese \u00e8 la chirurgia dei trapianti, con all\u2019attivo nel 2021 ben 143 trapianti (109 di fegato e 34 di rene) di cui 16 da donatore vivente: da questo punto di vista Modena \u00e8 considerata una delle realt\u00e0 pi\u00f9 importanti al mondo.<br>Il Dr. Vagnini si \u00e8 poi avviato alla conclusione del suo intervento ricordando che al Policlinico \u00e8 in fase di realizzazione una nuova piattaforma chirurgica composta da tre sale operatorie, di elevata metratura, con ampi locali di servizio, dotate di elevatissima tecnologia, anche robotica, con la possibilit\u00e0 di trasformazione in sale ibride: \u00e8 un impegno progettuale ed economico enorme, ma all\u2019altezza della eccellenza della sanit\u00e0 modenese.<br>Al termine della interessantissima relazione, molte sono state le domande degli ospiti presenti, che hanno toccato vari aspetti: dal tempo di obsolescenza della tecnologia, considerato in circa tre anni, all\u2019importanza anche del fattore umano, che non cadr\u00e0 mai in secondo piano rispetto alla tecnologia, alla considerazione, a volte ed in parte, \u201cmodaiola\u201d della chirurgia robotica, che in effetti \u00e8 estremamente precisa e veloce, ma a volte ha indicazioni eccessive, per arrivare a domande pi\u00f9 concrete, come l\u2019impatto dei profughi ucraini sulla sanit\u00e0 o l\u2019organizzazione dei Pronto Soccorso.<br>La Presidente Silvia Menabue ha concluso la serata ricordando il compleanno di Giancarlo Iattici e rimandandoci alla prossima conviviale, gioved\u00ec 17 marzo, in Interclub col R.C. L.A. Muratori, in cui sar\u00e0 relatore il loro socio Giuseppe Molinari, Presidente della Camera di Commercio di Modena, dando cos\u00ec continuit\u00e0 alle serate con le istituzioni.<br>Un caro saluto<br>Claudio Colombi<\/p>\n\n\n\n<figure class=\"wp-block-gallery has-nested-images columns-default is-cropped wp-block-gallery-1 is-layout-flex wp-block-gallery-is-layout-flex\">\n<figure class=\"wp-block-image size-large\"><img loading=\"lazy\" decoding=\"async\" width=\"1600\" height=\"1200\" data-id=\"8359\" src=\"https:\/\/www.rotarymodena.it\/wp-content\/uploads\/2022\/03\/IMG-20220309-WA0030.jpg\" alt=\"\" class=\"wp-image-8359\" srcset=\"https:\/\/www.rotarymodena.it\/wp-content\/uploads\/2022\/03\/IMG-20220309-WA0030.jpg 1600w, https:\/\/www.rotarymodena.it\/wp-content\/uploads\/2022\/03\/IMG-20220309-WA0030-300x225.jpg 300w, https:\/\/www.rotarymodena.it\/wp-content\/uploads\/2022\/03\/IMG-20220309-WA0030-1024x768.jpg 1024w, https:\/\/www.rotarymodena.it\/wp-content\/uploads\/2022\/03\/IMG-20220309-WA0030-150x113.jpg 150w, https:\/\/www.rotarymodena.it\/wp-content\/uploads\/2022\/03\/IMG-20220309-WA0030-768x576.jpg 768w, https:\/\/www.rotarymodena.it\/wp-content\/uploads\/2022\/03\/IMG-20220309-WA0030-1536x1152.jpg 1536w\" sizes=\"auto, (max-width: 1600px) 100vw, 1600px\" \/><\/figure>\n\n\n\n<figure class=\"wp-block-image size-large\"><img loading=\"lazy\" decoding=\"async\" width=\"1600\" height=\"1200\" data-id=\"8358\" src=\"https:\/\/www.rotarymodena.it\/wp-content\/uploads\/2022\/03\/IMG-20220309-WA0014.jpg\" alt=\"\" class=\"wp-image-8358\" srcset=\"https:\/\/www.rotarymodena.it\/wp-content\/uploads\/2022\/03\/IMG-20220309-WA0014.jpg 1600w, https:\/\/www.rotarymodena.it\/wp-content\/uploads\/2022\/03\/IMG-20220309-WA0014-300x225.jpg 300w, https:\/\/www.rotarymodena.it\/wp-content\/uploads\/2022\/03\/IMG-20220309-WA0014-1024x768.jpg 1024w, https:\/\/www.rotarymodena.it\/wp-content\/uploads\/2022\/03\/IMG-20220309-WA0014-150x113.jpg 150w, https:\/\/www.rotarymodena.it\/wp-content\/uploads\/2022\/03\/IMG-20220309-WA0014-768x576.jpg 768w, https:\/\/www.rotarymodena.it\/wp-content\/uploads\/2022\/03\/IMG-20220309-WA0014-1536x1152.jpg 1536w\" sizes=\"auto, (max-width: 1600px) 100vw, 1600px\" \/><\/figure>\n<\/figure>\n","protected":false},"excerpt":{"rendered":"<p>La Presidente Silvia Menabue, aprendo la serata, in presenza presso il Ristorante Vinicio, ha sottolineato il momento di grande preoccupazione che stiamo vivendo con la guerra in Ucraina ed ha ribadito che il Rotary \u00e8 chiamato ad affermare con ferma determinazione il proprio impegno sui valori fondanti la societ\u00e0 civile: pace, solidariet\u00e0, fratellanza e tutela [&hellip;]<\/p>\n","protected":false},"author":251,"featured_media":8359,"comment_status":"open","ping_status":"closed","sticky":false,"template":"","format":"standard","meta":{"_acf_changed":false,"footnotes":""},"categories":[8],"tags":[],"class_list":["post-8357","post","type-post","status-publish","format-standard","has-post-thumbnail","hentry","category-news","has_thumb"],"acf":[],"_links":{"self":[{"href":"https:\/\/www.rotarymodena.it\/index.php?rest_route=\/wp\/v2\/posts\/8357","targetHints":{"allow":["GET"]}}],"collection":[{"href":"https:\/\/www.rotarymodena.it\/index.php?rest_route=\/wp\/v2\/posts"}],"about":[{"href":"https:\/\/www.rotarymodena.it\/index.php?rest_route=\/wp\/v2\/types\/post"}],"author":[{"embeddable":true,"href":"https:\/\/www.rotarymodena.it\/index.php?rest_route=\/wp\/v2\/users\/251"}],"replies":[{"embeddable":true,"href":"https:\/\/www.rotarymodena.it\/index.php?rest_route=%2Fwp%2Fv2%2Fcomments&post=8357"}],"version-history":[{"count":1,"href":"https:\/\/www.rotarymodena.it\/index.php?rest_route=\/wp\/v2\/posts\/8357\/revisions"}],"predecessor-version":[{"id":8360,"href":"https:\/\/www.rotarymodena.it\/index.php?rest_route=\/wp\/v2\/posts\/8357\/revisions\/8360"}],"wp:featuredmedia":[{"embeddable":true,"href":"https:\/\/www.rotarymodena.it\/index.php?rest_route=\/wp\/v2\/media\/8359"}],"wp:attachment":[{"href":"https:\/\/www.rotarymodena.it\/index.php?rest_route=%2Fwp%2Fv2%2Fmedia&parent=8357"}],"wp:term":[{"taxonomy":"category","embeddable":true,"href":"https:\/\/www.rotarymodena.it\/index.php?rest_route=%2Fwp%2Fv2%2Fcategories&post=8357"},{"taxonomy":"post_tag","embeddable":true,"href":"https:\/\/www.rotarymodena.it\/index.php?rest_route=%2Fwp%2Fv2%2Ftags&post=8357"}],"curies":[{"name":"wp","href":"https:\/\/api.w.org\/{rel}","templated":true}]}}