{"id":8345,"date":"2022-02-25T09:24:50","date_gmt":"2022-02-25T08:24:50","guid":{"rendered":"https:\/\/www.rotarymodena.it\/?p=8345"},"modified":"2022-02-25T09:25:38","modified_gmt":"2022-02-25T08:25:38","slug":"resoconto-conviviale-del-22-febbraio-2022","status":"publish","type":"post","link":"https:\/\/www.rotarymodena.it\/?p=8345","title":{"rendered":"Resoconto Conviviale del 22 febbraio 2022"},"content":{"rendered":"\n<p>Finalmente in presenza. Dopo pi\u00f9 di due mesi, precisamente dalla cena degli auguri alla Secchia Rapita del 14 dicembre, ci siamo trovati di persona ed abbiamo scelto una location molto gradita, la Mensa Ghirlandina accanto all\u2019 Arcivescovado.<br>La Presidente Silvia Menabue ci ha salutati sottolineando una certa commozione per l\u2019evento, peraltro confortato da una nutrita presenza di soci, con ci\u00f2 a rappresentare un grande desiderio di tutti di una ripresa finalmente definitiva. Abbiamo ricominciato in maniera soft, con un caminetto per soli soci, \u00e8 ancora necessaria una certa cautela, ma sicuramente a marzo avremo una ripresa delle nostre attivit\u00e0 con un forte impulso nei prossimi 4 mesi, pieni di impegni, iniziative e manifestazioni.<br>Ma non ci siamo fermati in questi ultimi mesi, il nostro Club ha continuato a vivere. Lo scorso 1 febbraio, data in cui era prevista la visita del Governatore, saltata per la pandemia, la Presidente Silvia Menabue, il Segretario Carlo Chiarli e l\u2019 Assistente del Governatore Eugenio Boni si sono incontrati su piattaforma Zoom col Governatore illustrando le attivit\u00e0 del nostro Club, ricevendone buoni giudizi: il Governatore ha spostato la data della visita al nostro Club al prossimo 19 aprile. Abbiamo poi fatto alcune serate su piattaforma Zoom, molto interessanti e seguite. Venerd\u00ec 4 febbraio Silvia Menabue ha consegnato al nostro socio Enrico Clini il service da noi fatto alla Clinica delle Malattie Respiratorie, cio\u00e8 la fornitura di una apparecchiatura diagnostica endoscopica, con una cerimonia ufficiale al Policlinico, presenti varie autorit\u00e0 e ripresa dai giornali e dalle televisioni locali.<br>Per quanto riguarda i prossimi impegni ci sono molte iniziative in cantiere, con alcuni dettagli ancora da sistemare: verremo informati a breve dal nostro segretario. Marted\u00ec prossimo non ci sar\u00e0 la conviviale, che prevedeva la presentazione del libro \u201cL\u2019album dei sogni\u201d, che racconta la storia della famiglia Panini, rinviata al 22 marzo per impegni del relatore, poi una bella infilata di eventi, con un Interclub col R.C. L.A.Muratori gioved\u00ec 17 marzo, per arrivare a sabato 2 aprile, quando al Modena Golf &amp; Country Club si terr\u00e0 la Coppa Rotary del Governatore, gara di golf per rotariani e non, che culminer\u00e0 in una cena di gala, il cui ricavato in beneficienza verr\u00e0 devoluto ad un programma specifico rivolto a bambini e ragazzi autistici, per i quali si \u00e8 visto che lo sport del golf \u00e8 molto congegnale. E\u2019 in avanzato stato di allestimento un sito web area Ghirlandina\/Premio Ghirlandina per merito del nostro socio Fabio Sgarbi.<br>Dopo avere ricordato il compleanno di Umberto Carretti, la Presidente Silvia Menabue ha concluso la serata, rimandando i consiglieri a dopo cena per la riunione del Consiglio Direttivo.<br>Un caro saluto<br>Claudio Colombi<\/p>\n","protected":false},"excerpt":{"rendered":"<p>Finalmente in presenza. Dopo pi\u00f9 di due mesi, precisamente dalla cena degli auguri alla Secchia Rapita del 14 dicembre, ci siamo trovati di persona ed abbiamo scelto una location molto gradita, la Mensa Ghirlandina accanto all\u2019 Arcivescovado.La Presidente Silvia Menabue ci ha salutati sottolineando una certa commozione per l\u2019evento, peraltro confortato da una nutrita presenza [&hellip;]<\/p>\n","protected":false},"author":251,"featured_media":3362,"comment_status":"open","ping_status":"closed","sticky":false,"template":"","format":"standard","meta":{"_acf_changed":false,"footnotes":""},"categories":[8],"tags":[],"class_list":["post-8345","post","type-post","status-publish","format-standard","has-post-thumbnail","hentry","category-news","has_thumb"],"acf":[],"_links":{"self":[{"href":"https:\/\/www.rotarymodena.it\/index.php?rest_route=\/wp\/v2\/posts\/8345","targetHints":{"allow":["GET"]}}],"collection":[{"href":"https:\/\/www.rotarymodena.it\/index.php?rest_route=\/wp\/v2\/posts"}],"about":[{"href":"https:\/\/www.rotarymodena.it\/index.php?rest_route=\/wp\/v2\/types\/post"}],"author":[{"embeddable":true,"href":"https:\/\/www.rotarymodena.it\/index.php?rest_route=\/wp\/v2\/users\/251"}],"replies":[{"embeddable":true,"href":"https:\/\/www.rotarymodena.it\/index.php?rest_route=%2Fwp%2Fv2%2Fcomments&post=8345"}],"version-history":[{"count":2,"href":"https:\/\/www.rotarymodena.it\/index.php?rest_route=\/wp\/v2\/posts\/8345\/revisions"}],"predecessor-version":[{"id":8347,"href":"https:\/\/www.rotarymodena.it\/index.php?rest_route=\/wp\/v2\/posts\/8345\/revisions\/8347"}],"wp:featuredmedia":[{"embeddable":true,"href":"https:\/\/www.rotarymodena.it\/index.php?rest_route=\/wp\/v2\/media\/3362"}],"wp:attachment":[{"href":"https:\/\/www.rotarymodena.it\/index.php?rest_route=%2Fwp%2Fv2%2Fmedia&parent=8345"}],"wp:term":[{"taxonomy":"category","embeddable":true,"href":"https:\/\/www.rotarymodena.it\/index.php?rest_route=%2Fwp%2Fv2%2Fcategories&post=8345"},{"taxonomy":"post_tag","embeddable":true,"href":"https:\/\/www.rotarymodena.it\/index.php?rest_route=%2Fwp%2Fv2%2Ftags&post=8345"}],"curies":[{"name":"wp","href":"https:\/\/api.w.org\/{rel}","templated":true}]}}