{"id":8060,"date":"2021-11-19T15:15:36","date_gmt":"2021-11-19T14:15:36","guid":{"rendered":"https:\/\/www.rotarymodena.it\/?p=8060"},"modified":"2021-11-19T15:15:38","modified_gmt":"2021-11-19T14:15:38","slug":"resoconto-della-conviviale-del-16-novembre-2021","status":"publish","type":"post","link":"https:\/\/www.rotarymodena.it\/?p=8060","title":{"rendered":"Resoconto della Conviviale del 16 novembre 2021"},"content":{"rendered":"\n<p>Si \u00e8 trattato di una serata un po\u2019 particolare, che ha coniugato la rassegna soci con la rassegna degli incontri con l\u2019autore: da Vinicio, ospite \u00e8 stato il nostro socio Carlo Bertoli, che ci ha presentato il suo ultimo libro \u201cIl tempo delle diete. Cronaca di un martirio impossibile\u201d.<br>La Presidente Silvia Menabue ha aperto la conviviale sottolineando l\u2019importanza e l\u2019attualit\u00e0 del tema della serata, e, dopo avere letto un breve curriculum vitae dell\u2019ospite, ha aperto il salotto letterario, cedendo la parola a Francesca Abbati Marescotti che ha intervistato Carlo Bertoli.<br>Nell\u2019epoca dei social network, dei blog e delle chat, il valore di una informazione non dipende pi\u00f9 dall\u2019autorevolezza di chi l\u2019ha prodotta \u2013 la cui identit\u00e0 \u00e8 spesso sconosciuta ai pi\u00f9 \u2013 bens\u00ec dalla velocit\u00e0 e potenza della sua diffusione.<br>L\u2019informavirus, come Carlo ha definito queste fakenews, si diffonde di bocca in bocca, lascia un suo piccolo pezzetto di \u201cconoscenza\u201d in ciascuno di noi ed acquisisce forza man mano che contagia. Dalla pastasciutta che la sera fa ingrassare al legame fra consumo di carne rossa e cancro, le fakenews in ambito alimentare sono innumerevoli e condizionano il nostro approccio. Grazie ai social ogni soluzione<br>\u00e8 a portata di mano, ogni segreto \u2013 compresa la dieta dell\u2019attrice che ha perso venti chili in sei mesi &#8212; pu\u00f2 essere svelato. Ed allora lo facciamo nostro. Ma poi\u2026.non funziona!<br>Quindi incalza Francesca, \u00e8 colpa nostra? Del nostro metabolismo? No, la colpa \u00e8 di un sistema che stabilisce le proprie verit\u00e0 ed approfitta della mancanza di filtri per diffonderle a milioni di utenti, trasformandole in verit\u00e0 condivise, in soluzioni efficaci perch\u00e9 supportate dal consenso collettivo. E la verit\u00e0, quella vera, qual \u00e8? Il libro di Carlo ci accompagna a scoprirla, sollevandoci da un \u201cmartirio impossibile\u201d.<br>Al termine della brillante chiacchierata, Carlo ha risposto alle domande degli ospiti presenti, numerose, segno dell\u2019interesse destato dal tema e della brillantezza del \u201csalotto\u201d: domande che hanno riguardato il cibo spazzatura, la dieta vegana, l\u2019incidenza dell\u2019attivit\u00e0 sportiva sul calo ponderale, il consumo di bevande alcoliche,<br>la dieta personalizzata e tanto altro. Silvia ha chiuso poi la serata ricordando l\u2019importante appuntamento di marted\u00ec prossimo, quando qui da Vinicio si svolger\u00e0 l\u2019Assemblea Ordinaria del Club.<\/p>\n\n\n\n<p>Un caro saluto<br>Claudio Colombi<\/p>\n\n\n\n<figure class=\"wp-block-gallery columns-3 is-cropped wp-block-gallery-1 is-layout-flex wp-block-gallery-is-layout-flex\"><ul class=\"blocks-gallery-grid\"><li class=\"blocks-gallery-item\"><figure><a href=\"https:\/\/www.rotarymodena.it\/wp-content\/uploads\/2021\/11\/IMG-20211116-WA0048.jpg\"><img loading=\"lazy\" decoding=\"async\" width=\"1024\" height=\"768\" src=\"https:\/\/www.rotarymodena.it\/wp-content\/uploads\/2021\/11\/IMG-20211116-WA0048-1024x768.jpg\" alt=\"\" data-id=\"8063\" data-full-url=\"https:\/\/www.rotarymodena.it\/wp-content\/uploads\/2021\/11\/IMG-20211116-WA0048.jpg\" data-link=\"https:\/\/www.rotarymodena.it\/?attachment_id=8063\" class=\"wp-image-8063\" srcset=\"https:\/\/www.rotarymodena.it\/wp-content\/uploads\/2021\/11\/IMG-20211116-WA0048-1024x768.jpg 1024w, https:\/\/www.rotarymodena.it\/wp-content\/uploads\/2021\/11\/IMG-20211116-WA0048-300x225.jpg 300w, https:\/\/www.rotarymodena.it\/wp-content\/uploads\/2021\/11\/IMG-20211116-WA0048-150x113.jpg 150w, https:\/\/www.rotarymodena.it\/wp-content\/uploads\/2021\/11\/IMG-20211116-WA0048-768x576.jpg 768w, https:\/\/www.rotarymodena.it\/wp-content\/uploads\/2021\/11\/IMG-20211116-WA0048-1536x1152.jpg 1536w, https:\/\/www.rotarymodena.it\/wp-content\/uploads\/2021\/11\/IMG-20211116-WA0048.jpg 2048w\" sizes=\"auto, (max-width: 1024px) 100vw, 1024px\" \/><\/a><\/figure><\/li><li class=\"blocks-gallery-item\"><figure><a href=\"https:\/\/www.rotarymodena.it\/wp-content\/uploads\/2021\/11\/IMG-20211116-WA0043.jpg\"><img loading=\"lazy\" decoding=\"async\" width=\"1024\" height=\"768\" src=\"https:\/\/www.rotarymodena.it\/wp-content\/uploads\/2021\/11\/IMG-20211116-WA0043-1024x768.jpg\" alt=\"\" data-id=\"8062\" data-full-url=\"https:\/\/www.rotarymodena.it\/wp-content\/uploads\/2021\/11\/IMG-20211116-WA0043.jpg\" data-link=\"https:\/\/www.rotarymodena.it\/?attachment_id=8062\" class=\"wp-image-8062\" srcset=\"https:\/\/www.rotarymodena.it\/wp-content\/uploads\/2021\/11\/IMG-20211116-WA0043-1024x768.jpg 1024w, https:\/\/www.rotarymodena.it\/wp-content\/uploads\/2021\/11\/IMG-20211116-WA0043-300x225.jpg 300w, https:\/\/www.rotarymodena.it\/wp-content\/uploads\/2021\/11\/IMG-20211116-WA0043-150x113.jpg 150w, https:\/\/www.rotarymodena.it\/wp-content\/uploads\/2021\/11\/IMG-20211116-WA0043-768x576.jpg 768w, https:\/\/www.rotarymodena.it\/wp-content\/uploads\/2021\/11\/IMG-20211116-WA0043-1536x1152.jpg 1536w, https:\/\/www.rotarymodena.it\/wp-content\/uploads\/2021\/11\/IMG-20211116-WA0043.jpg 2048w\" sizes=\"auto, (max-width: 1024px) 100vw, 1024px\" \/><\/a><\/figure><\/li><li class=\"blocks-gallery-item\"><figure><a href=\"https:\/\/www.rotarymodena.it\/wp-content\/uploads\/2021\/11\/IMG-20211116-WA0038.jpg\"><img loading=\"lazy\" decoding=\"async\" width=\"1024\" height=\"768\" src=\"https:\/\/www.rotarymodena.it\/wp-content\/uploads\/2021\/11\/IMG-20211116-WA0038-1024x768.jpg\" alt=\"\" data-id=\"8061\" data-full-url=\"https:\/\/www.rotarymodena.it\/wp-content\/uploads\/2021\/11\/IMG-20211116-WA0038.jpg\" data-link=\"https:\/\/www.rotarymodena.it\/?attachment_id=8061\" class=\"wp-image-8061\" srcset=\"https:\/\/www.rotarymodena.it\/wp-content\/uploads\/2021\/11\/IMG-20211116-WA0038-1024x768.jpg 1024w, https:\/\/www.rotarymodena.it\/wp-content\/uploads\/2021\/11\/IMG-20211116-WA0038-300x225.jpg 300w, https:\/\/www.rotarymodena.it\/wp-content\/uploads\/2021\/11\/IMG-20211116-WA0038-150x113.jpg 150w, https:\/\/www.rotarymodena.it\/wp-content\/uploads\/2021\/11\/IMG-20211116-WA0038-768x576.jpg 768w, https:\/\/www.rotarymodena.it\/wp-content\/uploads\/2021\/11\/IMG-20211116-WA0038-1536x1152.jpg 1536w, https:\/\/www.rotarymodena.it\/wp-content\/uploads\/2021\/11\/IMG-20211116-WA0038.jpg 2048w\" sizes=\"auto, (max-width: 1024px) 100vw, 1024px\" \/><\/a><\/figure><\/li><\/ul><\/figure>\n","protected":false},"excerpt":{"rendered":"<p>Si \u00e8 trattato di una serata un po\u2019 particolare, che ha coniugato la rassegna soci con la rassegna degli incontri con l\u2019autore: da Vinicio, ospite \u00e8 stato il nostro socio Carlo Bertoli, che ci ha presentato il suo ultimo libro \u201cIl tempo delle diete. Cronaca di un martirio impossibile\u201d.La Presidente Silvia Menabue ha aperto la [&hellip;]<\/p>\n","protected":false},"author":251,"featured_media":8063,"comment_status":"open","ping_status":"closed","sticky":false,"template":"","format":"standard","meta":{"_acf_changed":false,"footnotes":""},"categories":[8],"tags":[],"class_list":["post-8060","post","type-post","status-publish","format-standard","has-post-thumbnail","hentry","category-news","has_thumb"],"acf":[],"_links":{"self":[{"href":"https:\/\/www.rotarymodena.it\/index.php?rest_route=\/wp\/v2\/posts\/8060","targetHints":{"allow":["GET"]}}],"collection":[{"href":"https:\/\/www.rotarymodena.it\/index.php?rest_route=\/wp\/v2\/posts"}],"about":[{"href":"https:\/\/www.rotarymodena.it\/index.php?rest_route=\/wp\/v2\/types\/post"}],"author":[{"embeddable":true,"href":"https:\/\/www.rotarymodena.it\/index.php?rest_route=\/wp\/v2\/users\/251"}],"replies":[{"embeddable":true,"href":"https:\/\/www.rotarymodena.it\/index.php?rest_route=%2Fwp%2Fv2%2Fcomments&post=8060"}],"version-history":[{"count":1,"href":"https:\/\/www.rotarymodena.it\/index.php?rest_route=\/wp\/v2\/posts\/8060\/revisions"}],"predecessor-version":[{"id":8064,"href":"https:\/\/www.rotarymodena.it\/index.php?rest_route=\/wp\/v2\/posts\/8060\/revisions\/8064"}],"wp:featuredmedia":[{"embeddable":true,"href":"https:\/\/www.rotarymodena.it\/index.php?rest_route=\/wp\/v2\/media\/8063"}],"wp:attachment":[{"href":"https:\/\/www.rotarymodena.it\/index.php?rest_route=%2Fwp%2Fv2%2Fmedia&parent=8060"}],"wp:term":[{"taxonomy":"category","embeddable":true,"href":"https:\/\/www.rotarymodena.it\/index.php?rest_route=%2Fwp%2Fv2%2Fcategories&post=8060"},{"taxonomy":"post_tag","embeddable":true,"href":"https:\/\/www.rotarymodena.it\/index.php?rest_route=%2Fwp%2Fv2%2Ftags&post=8060"}],"curies":[{"name":"wp","href":"https:\/\/api.w.org\/{rel}","templated":true}]}}