{"id":8010,"date":"2021-09-23T08:13:35","date_gmt":"2021-09-23T07:13:35","guid":{"rendered":"https:\/\/www.rotarymodena.it\/?p=8010"},"modified":"2021-09-23T08:14:11","modified_gmt":"2021-09-23T07:14:11","slug":"resoconto-della-conviviale-del-18-settembre-2021","status":"publish","type":"post","link":"https:\/\/www.rotarymodena.it\/?p=8010","title":{"rendered":"Resoconto della Conviviale del 18 Settembre 2021"},"content":{"rendered":"\n<h2 class=\"wp-block-heading\">Festival della Filosofia<\/h2>\n\n\n\n<p>\u201cLibert\u00e0\u201d \u00e8 stato il tema di quest\u2019anno del Festival della Filosofia che si \u00e8 svolto a Modena, Carpi e Sassuolo dal 17 al 19 settembre: i Rotary del Gruppo Ghirlandina, tranne quelli di Carpi e Mirandola, che non hanno aderito, hanno sponsorizzato il festival, condividendone la missione e sostenendolo come piattaforma per il territorio.<br>In particolare abbiamo condiviso la lectio magistralis che si \u00e8 tenuta a Sassuolo sabato pomeriggio nel Piazzale della Rosa, lectio dal titolo \u201cPiattaforme-Governance della tecnologia e libert\u00e0\u201d con relatore Paolo Benanti, teologo e docente presso la Pontificia Universit\u00e0 Gregoriana, l\u2019 Istituto Teologico di Assisi ed il Pontificio Collegio Leoniano ad Anagni. Oggi per consigliare informazione e prodotti in linea con le presunte preferenze individuali sono stati progettati degli algoritmi, che  possono<br>per\u00f2 creare delle vere e proprie dipendenze che, a loro volta, possono avere effetti trasformativi, modificando le preferenze e i valori degli utenti stessi portando alla radicalizzazione. Di pi\u00f9, stiamo scaricando i nostri processi evolutivi di ricerca di informazioni su algoritmi: ma questi algoritmi sono in genere progettati per massimizzare la redditivit\u00e0, con incentivi spesso insufficienti a promuovere una<br>societ\u00e0 informata, giusta, sana e sostenibile. L\u2019evoluzione della tecnologia non si pu\u00f2 arrestare, per\u00f2 \u00e8 necessaria una regolamentazione.<br>Al termine della interessantissima relazione ci siamo trasferiti all\u2019interno del Palazzo Ducale per un breve rinfresco, cui \u00e8 seguita la visita al Palazzo stesso, splendido gioiello realizzato dall\u2019architetto Bartolomeo Avanzini su committenza di Francesco I d\u2019Este per la villeggiatura della corte.<\/p>\n\n\n\n<p><br>Un caro saluto<br>Claudio Colombi<\/p>\n\n\n\n<figure class=\"wp-block-gallery columns-3 is-cropped wp-block-gallery-1 is-layout-flex wp-block-gallery-is-layout-flex\"><ul class=\"blocks-gallery-grid\"><li class=\"blocks-gallery-item\"><figure><a href=\"https:\/\/www.rotarymodena.it\/wp-content\/uploads\/2021\/09\/IMG-20210919-WA0014.jpg\"><img loading=\"lazy\" decoding=\"async\" width=\"768\" height=\"1024\" src=\"https:\/\/www.rotarymodena.it\/wp-content\/uploads\/2021\/09\/IMG-20210919-WA0014-768x1024.jpg\" alt=\"\" data-id=\"8013\" data-full-url=\"https:\/\/www.rotarymodena.it\/wp-content\/uploads\/2021\/09\/IMG-20210919-WA0014.jpg\" data-link=\"https:\/\/www.rotarymodena.it\/?attachment_id=8013\" class=\"wp-image-8013\" srcset=\"https:\/\/www.rotarymodena.it\/wp-content\/uploads\/2021\/09\/IMG-20210919-WA0014-768x1024.jpg 768w, https:\/\/www.rotarymodena.it\/wp-content\/uploads\/2021\/09\/IMG-20210919-WA0014-225x300.jpg 225w, https:\/\/www.rotarymodena.it\/wp-content\/uploads\/2021\/09\/IMG-20210919-WA0014-113x150.jpg 113w, https:\/\/www.rotarymodena.it\/wp-content\/uploads\/2021\/09\/IMG-20210919-WA0014-1152x1536.jpg 1152w, https:\/\/www.rotarymodena.it\/wp-content\/uploads\/2021\/09\/IMG-20210919-WA0014.jpg 1536w\" sizes=\"auto, (max-width: 768px) 100vw, 768px\" \/><\/a><\/figure><\/li><li class=\"blocks-gallery-item\"><figure><a href=\"https:\/\/www.rotarymodena.it\/wp-content\/uploads\/2021\/09\/IMG-20210919-WA0013.jpg\"><img loading=\"lazy\" decoding=\"async\" width=\"768\" height=\"1024\" src=\"https:\/\/www.rotarymodena.it\/wp-content\/uploads\/2021\/09\/IMG-20210919-WA0013-768x1024.jpg\" alt=\"\" data-id=\"8012\" data-full-url=\"https:\/\/www.rotarymodena.it\/wp-content\/uploads\/2021\/09\/IMG-20210919-WA0013.jpg\" data-link=\"https:\/\/www.rotarymodena.it\/?attachment_id=8012\" class=\"wp-image-8012\" srcset=\"https:\/\/www.rotarymodena.it\/wp-content\/uploads\/2021\/09\/IMG-20210919-WA0013-768x1024.jpg 768w, https:\/\/www.rotarymodena.it\/wp-content\/uploads\/2021\/09\/IMG-20210919-WA0013-225x300.jpg 225w, https:\/\/www.rotarymodena.it\/wp-content\/uploads\/2021\/09\/IMG-20210919-WA0013-113x150.jpg 113w, https:\/\/www.rotarymodena.it\/wp-content\/uploads\/2021\/09\/IMG-20210919-WA0013-1152x1536.jpg 1152w, https:\/\/www.rotarymodena.it\/wp-content\/uploads\/2021\/09\/IMG-20210919-WA0013.jpg 1536w\" sizes=\"auto, (max-width: 768px) 100vw, 768px\" \/><\/a><\/figure><\/li><li class=\"blocks-gallery-item\"><figure><a href=\"https:\/\/www.rotarymodena.it\/wp-content\/uploads\/2021\/09\/IMG-20210919-WA0010.jpg\"><img loading=\"lazy\" decoding=\"async\" width=\"768\" height=\"1024\" src=\"https:\/\/www.rotarymodena.it\/wp-content\/uploads\/2021\/09\/IMG-20210919-WA0010-768x1024.jpg\" alt=\"\" data-id=\"8011\" data-full-url=\"https:\/\/www.rotarymodena.it\/wp-content\/uploads\/2021\/09\/IMG-20210919-WA0010.jpg\" data-link=\"https:\/\/www.rotarymodena.it\/?attachment_id=8011\" class=\"wp-image-8011\" srcset=\"https:\/\/www.rotarymodena.it\/wp-content\/uploads\/2021\/09\/IMG-20210919-WA0010-768x1024.jpg 768w, https:\/\/www.rotarymodena.it\/wp-content\/uploads\/2021\/09\/IMG-20210919-WA0010-225x300.jpg 225w, https:\/\/www.rotarymodena.it\/wp-content\/uploads\/2021\/09\/IMG-20210919-WA0010-113x150.jpg 113w, https:\/\/www.rotarymodena.it\/wp-content\/uploads\/2021\/09\/IMG-20210919-WA0010-1152x1536.jpg 1152w, https:\/\/www.rotarymodena.it\/wp-content\/uploads\/2021\/09\/IMG-20210919-WA0010.jpg 1536w\" sizes=\"auto, (max-width: 768px) 100vw, 768px\" \/><\/a><\/figure><\/li><li class=\"blocks-gallery-item\"><figure><a href=\"https:\/\/www.rotarymodena.it\/wp-content\/uploads\/2021\/09\/IMG-20210919-WA0021.jpg\"><img loading=\"lazy\" decoding=\"async\" width=\"1024\" height=\"768\" src=\"https:\/\/www.rotarymodena.it\/wp-content\/uploads\/2021\/09\/IMG-20210919-WA0021-1024x768.jpg\" alt=\"\" data-id=\"8014\" data-full-url=\"https:\/\/www.rotarymodena.it\/wp-content\/uploads\/2021\/09\/IMG-20210919-WA0021.jpg\" data-link=\"https:\/\/www.rotarymodena.it\/?attachment_id=8014\" class=\"wp-image-8014\" srcset=\"https:\/\/www.rotarymodena.it\/wp-content\/uploads\/2021\/09\/IMG-20210919-WA0021-1024x768.jpg 1024w, https:\/\/www.rotarymodena.it\/wp-content\/uploads\/2021\/09\/IMG-20210919-WA0021-300x225.jpg 300w, https:\/\/www.rotarymodena.it\/wp-content\/uploads\/2021\/09\/IMG-20210919-WA0021-150x113.jpg 150w, https:\/\/www.rotarymodena.it\/wp-content\/uploads\/2021\/09\/IMG-20210919-WA0021-768x576.jpg 768w, https:\/\/www.rotarymodena.it\/wp-content\/uploads\/2021\/09\/IMG-20210919-WA0021-1536x1152.jpg 1536w, https:\/\/www.rotarymodena.it\/wp-content\/uploads\/2021\/09\/IMG-20210919-WA0021.jpg 2048w\" sizes=\"auto, (max-width: 1024px) 100vw, 1024px\" \/><\/a><\/figure><\/li><\/ul><\/figure>\n","protected":false},"excerpt":{"rendered":"<p>Festival della Filosofia \u201cLibert\u00e0\u201d \u00e8 stato il tema di quest\u2019anno del Festival della Filosofia che si \u00e8 svolto a Modena, Carpi e Sassuolo dal 17 al 19 settembre: i Rotary del Gruppo Ghirlandina, tranne quelli di Carpi e Mirandola, che non hanno aderito, hanno sponsorizzato il festival, condividendone la missione e sostenendolo come piattaforma per [&hellip;]<\/p>\n","protected":false},"author":251,"featured_media":8014,"comment_status":"open","ping_status":"closed","sticky":false,"template":"","format":"standard","meta":{"_acf_changed":false,"footnotes":""},"categories":[8],"tags":[],"class_list":["post-8010","post","type-post","status-publish","format-standard","has-post-thumbnail","hentry","category-news","has_thumb"],"acf":[],"_links":{"self":[{"href":"https:\/\/www.rotarymodena.it\/index.php?rest_route=\/wp\/v2\/posts\/8010","targetHints":{"allow":["GET"]}}],"collection":[{"href":"https:\/\/www.rotarymodena.it\/index.php?rest_route=\/wp\/v2\/posts"}],"about":[{"href":"https:\/\/www.rotarymodena.it\/index.php?rest_route=\/wp\/v2\/types\/post"}],"author":[{"embeddable":true,"href":"https:\/\/www.rotarymodena.it\/index.php?rest_route=\/wp\/v2\/users\/251"}],"replies":[{"embeddable":true,"href":"https:\/\/www.rotarymodena.it\/index.php?rest_route=%2Fwp%2Fv2%2Fcomments&post=8010"}],"version-history":[{"count":2,"href":"https:\/\/www.rotarymodena.it\/index.php?rest_route=\/wp\/v2\/posts\/8010\/revisions"}],"predecessor-version":[{"id":8016,"href":"https:\/\/www.rotarymodena.it\/index.php?rest_route=\/wp\/v2\/posts\/8010\/revisions\/8016"}],"wp:featuredmedia":[{"embeddable":true,"href":"https:\/\/www.rotarymodena.it\/index.php?rest_route=\/wp\/v2\/media\/8014"}],"wp:attachment":[{"href":"https:\/\/www.rotarymodena.it\/index.php?rest_route=%2Fwp%2Fv2%2Fmedia&parent=8010"}],"wp:term":[{"taxonomy":"category","embeddable":true,"href":"https:\/\/www.rotarymodena.it\/index.php?rest_route=%2Fwp%2Fv2%2Fcategories&post=8010"},{"taxonomy":"post_tag","embeddable":true,"href":"https:\/\/www.rotarymodena.it\/index.php?rest_route=%2Fwp%2Fv2%2Ftags&post=8010"}],"curies":[{"name":"wp","href":"https:\/\/api.w.org\/{rel}","templated":true}]}}