{"id":7927,"date":"2021-06-17T07:59:38","date_gmt":"2021-06-17T06:59:38","guid":{"rendered":"https:\/\/www.rotarymodena.it\/?p=7927"},"modified":"2021-06-17T07:59:39","modified_gmt":"2021-06-17T06:59:39","slug":"resoconto-della-conviviale-del-15-giugno-2021","status":"publish","type":"post","link":"https:\/\/www.rotarymodena.it\/?p=7927","title":{"rendered":"Resoconto della Conviviale del 15 giugno 2021"},"content":{"rendered":"\n<p><strong>SEDE<\/strong><br>Ci siamo ritrovati numerosi presso il ristorante Giallo Modena al MEF per una<br>piacevole e, come al solito in questo periodo, ventosa serata, con un gradito ospite,<br>il Prof. Franco Pulcini, direttore editoriale del Teatro alla Scala di Milano.<\/p>\n\n\n\n<p><strong>ARGOMENTO<\/strong><br>Il Presidente Roberto Dino Villani, dopo l\u2019onore alle bandiere, ci ha presentato il<br>Prof. Franco Pulcini, grande amico da anni, esperto velista, che tra l\u2019altro ha venduto<br>al nostro Presidente la sua prima barca a vela. Ha preso poi la parola la nostra socia<br>Donatella Pieri, che ha intervistato l\u2019ospite, dopo avere sottolineato le tre grandi<br>attivit\u00e0 in cui si snoda il suo lavoro : attivit\u00e0 di formatore ed insegnante di storia<br>della musica, attivit\u00e0 di studioso e ricercatore per varie fondazioni liriche ed attivit\u00e0<br>di divulgatore e documentarista su vari autori.<br>Franco Pulcini ha esordito ricordando che suo padre riteneva inutile occuparsi di<br>musica, ma lui non ha mai scritto musica, l\u2019ha solo studiata e divulgata, nella<br>convinzione che conoscere la storia ed il pensiero degli autori contribuisse ad<br>arricchire il modo di ascoltare la musica stessa. L\u2019attivit\u00e0 che pi\u00f9 gli piace \u00e8<br>l\u2019insegnamento, ma ha fatto anche traduzione di testi stranieri: un tempo le opere<br>venivano cantate nella lingua originale, perch\u00e9 importanti non sono solo le parole,<br>ma anche i fonemi, per\u00f2 cos\u00ec il pubblico non capisce. Con la traduzione si supera<br>questo aspetto.<br>Sollecitato da Donatella Pieri, il Prof. Pulcini ci ha poi parlato di un libro che ha<br>scritto nel 2016, un giallo ambientato alla Scala, \u201cDelitto alla Scala\u201d, in cui finzione e<br>realt\u00e0 si fondono, precedendosi l\u2019un l\u2019altra di volta in volta, libro che ha fatto<br>storcere il naso ad alcuni collaboratori che lavoravano con lui: ce ne ha portato<br>alcune copie in dono, che al termine della serata ha poi volentieri autografato con<br>dedica.<br>L\u2019ospite, su invito di Donatella, ha poi espresso alcune considerazioni su famosi<br>interpreti lirici modenesi: di Mirella Freni ha sottolineato la bont\u00e0 e la semplicit\u00e0,<br>voce meravigliosa, la pi\u00f9 grande Mim\u00ec nella Boheme di Giacomo Puccini. Luciano<br>Pavarotti non era una persona semplice, una delle pi\u00f9 grandi voci mai esistite, soffriva del grande complesso di non essere magro, ma aveva una forza ed uno<br>slancio infiniti. Di Raina Kabaivanska ha ricordato alcuni episodi che li riguardavano<br>entrambi. Pulcini ci ha poi parlato di Carla Fracci, persona molto gentile, di poche<br>parole, per lei parlava il marito, una delle pi\u00f9 grandi etolie mai esistite. Interessanti i<br>battibecchi tra due grandi Direttori di Orchestra della Scala di Milano, Riccardo Muti<br>e Riccardo Chailly: cose forse poco edificanti, ma da imputare certamente alla<br>stanchezza sia fisica che emotiva che pervade i direttori d\u2019orchestra.<br>Interessante poi il rapporto tra il Prof. Pulcini e il compianto Franco Battiato: nel<br>1992 esce un suo libro-intervista su Battiato, all\u2019inizio compositore d\u2019avanguardia,<br>poi anche autore di successi, ma sempre con testi surreali. La grandezza di Battiato,<br>e l\u2019interesse che aveva suscitato in Pulcini, consisteva nel fatto cha Battiato si<br>trovava, sia come autore, che come conoscitore, in quella vasta area intermedia tra i<br>grandi intenditori di musica lirica, importante, ma complicata ed i numerosi seguaci<br>di musica moderna, semplice, commerciale: da l\u00ec poteva spaziare ovunque.<br>La serata si \u00e8 conclusa con alcune domande degli ospiti presenti.<\/p>\n\n\n\n<p><strong>PRESIDENTE<\/strong><br>Il presidente Roberto Dino Villani ha poi ricordato i prossimi impegni rotariani ed i<br>compleanni che ricorrono in questi giorni, quelli di Alberto Montorsi, Manfredo<br>Termanini, Carlo Ventura e Riccardo Borsari.<br><br>Un caro saluto<br>Claudio Colombi<\/p>\n\n\n\n<figure class=\"wp-block-gallery columns-3 is-cropped wp-block-gallery-1 is-layout-flex wp-block-gallery-is-layout-flex\"><ul class=\"blocks-gallery-grid\"><li class=\"blocks-gallery-item\"><figure><a href=\"https:\/\/www.rotarymodena.it\/wp-content\/uploads\/2021\/06\/IMG-20210615-WA0041.jpg\"><img loading=\"lazy\" decoding=\"async\" width=\"1024\" height=\"768\" src=\"https:\/\/www.rotarymodena.it\/wp-content\/uploads\/2021\/06\/IMG-20210615-WA0041-1024x768.jpg\" alt=\"\" data-id=\"7931\" data-full-url=\"https:\/\/www.rotarymodena.it\/wp-content\/uploads\/2021\/06\/IMG-20210615-WA0041.jpg\" data-link=\"https:\/\/www.rotarymodena.it\/?attachment_id=7931\" class=\"wp-image-7931\" srcset=\"https:\/\/www.rotarymodena.it\/wp-content\/uploads\/2021\/06\/IMG-20210615-WA0041-1024x768.jpg 1024w, https:\/\/www.rotarymodena.it\/wp-content\/uploads\/2021\/06\/IMG-20210615-WA0041-300x225.jpg 300w, https:\/\/www.rotarymodena.it\/wp-content\/uploads\/2021\/06\/IMG-20210615-WA0041-150x113.jpg 150w, https:\/\/www.rotarymodena.it\/wp-content\/uploads\/2021\/06\/IMG-20210615-WA0041-768x576.jpg 768w, https:\/\/www.rotarymodena.it\/wp-content\/uploads\/2021\/06\/IMG-20210615-WA0041-1536x1152.jpg 1536w, https:\/\/www.rotarymodena.it\/wp-content\/uploads\/2021\/06\/IMG-20210615-WA0041.jpg 2048w\" sizes=\"auto, (max-width: 1024px) 100vw, 1024px\" \/><\/a><\/figure><\/li><li class=\"blocks-gallery-item\"><figure><a href=\"https:\/\/www.rotarymodena.it\/wp-content\/uploads\/2021\/06\/IMG-20210615-WA0038.jpg\"><img loading=\"lazy\" decoding=\"async\" width=\"1024\" height=\"768\" src=\"https:\/\/www.rotarymodena.it\/wp-content\/uploads\/2021\/06\/IMG-20210615-WA0038-1024x768.jpg\" alt=\"\" data-id=\"7930\" data-full-url=\"https:\/\/www.rotarymodena.it\/wp-content\/uploads\/2021\/06\/IMG-20210615-WA0038.jpg\" data-link=\"https:\/\/www.rotarymodena.it\/?attachment_id=7930\" class=\"wp-image-7930\" srcset=\"https:\/\/www.rotarymodena.it\/wp-content\/uploads\/2021\/06\/IMG-20210615-WA0038-1024x768.jpg 1024w, https:\/\/www.rotarymodena.it\/wp-content\/uploads\/2021\/06\/IMG-20210615-WA0038-300x225.jpg 300w, https:\/\/www.rotarymodena.it\/wp-content\/uploads\/2021\/06\/IMG-20210615-WA0038-150x113.jpg 150w, https:\/\/www.rotarymodena.it\/wp-content\/uploads\/2021\/06\/IMG-20210615-WA0038-768x576.jpg 768w, https:\/\/www.rotarymodena.it\/wp-content\/uploads\/2021\/06\/IMG-20210615-WA0038-1536x1152.jpg 1536w, https:\/\/www.rotarymodena.it\/wp-content\/uploads\/2021\/06\/IMG-20210615-WA0038.jpg 2048w\" sizes=\"auto, (max-width: 1024px) 100vw, 1024px\" \/><\/a><\/figure><\/li><li class=\"blocks-gallery-item\"><figure><a href=\"https:\/\/www.rotarymodena.it\/wp-content\/uploads\/2021\/06\/IMG-20210615-WA0025.jpg\"><img loading=\"lazy\" decoding=\"async\" width=\"1024\" height=\"768\" src=\"https:\/\/www.rotarymodena.it\/wp-content\/uploads\/2021\/06\/IMG-20210615-WA0025-1024x768.jpg\" alt=\"\" data-id=\"7929\" data-full-url=\"https:\/\/www.rotarymodena.it\/wp-content\/uploads\/2021\/06\/IMG-20210615-WA0025.jpg\" data-link=\"https:\/\/www.rotarymodena.it\/?attachment_id=7929\" class=\"wp-image-7929\" srcset=\"https:\/\/www.rotarymodena.it\/wp-content\/uploads\/2021\/06\/IMG-20210615-WA0025-1024x768.jpg 1024w, https:\/\/www.rotarymodena.it\/wp-content\/uploads\/2021\/06\/IMG-20210615-WA0025-300x225.jpg 300w, https:\/\/www.rotarymodena.it\/wp-content\/uploads\/2021\/06\/IMG-20210615-WA0025-150x113.jpg 150w, https:\/\/www.rotarymodena.it\/wp-content\/uploads\/2021\/06\/IMG-20210615-WA0025-768x576.jpg 768w, https:\/\/www.rotarymodena.it\/wp-content\/uploads\/2021\/06\/IMG-20210615-WA0025-1536x1152.jpg 1536w, https:\/\/www.rotarymodena.it\/wp-content\/uploads\/2021\/06\/IMG-20210615-WA0025.jpg 2048w\" sizes=\"auto, (max-width: 1024px) 100vw, 1024px\" \/><\/a><\/figure><\/li><li class=\"blocks-gallery-item\"><figure><a href=\"https:\/\/www.rotarymodena.it\/wp-content\/uploads\/2021\/06\/IMG-20210615-WA0019.jpg\"><img loading=\"lazy\" decoding=\"async\" width=\"1024\" height=\"768\" src=\"https:\/\/www.rotarymodena.it\/wp-content\/uploads\/2021\/06\/IMG-20210615-WA0019-1024x768.jpg\" alt=\"\" data-id=\"7928\" data-full-url=\"https:\/\/www.rotarymodena.it\/wp-content\/uploads\/2021\/06\/IMG-20210615-WA0019.jpg\" data-link=\"https:\/\/www.rotarymodena.it\/?attachment_id=7928\" class=\"wp-image-7928\" srcset=\"https:\/\/www.rotarymodena.it\/wp-content\/uploads\/2021\/06\/IMG-20210615-WA0019-1024x768.jpg 1024w, https:\/\/www.rotarymodena.it\/wp-content\/uploads\/2021\/06\/IMG-20210615-WA0019-300x225.jpg 300w, https:\/\/www.rotarymodena.it\/wp-content\/uploads\/2021\/06\/IMG-20210615-WA0019-150x113.jpg 150w, https:\/\/www.rotarymodena.it\/wp-content\/uploads\/2021\/06\/IMG-20210615-WA0019-768x576.jpg 768w, https:\/\/www.rotarymodena.it\/wp-content\/uploads\/2021\/06\/IMG-20210615-WA0019-1536x1152.jpg 1536w, https:\/\/www.rotarymodena.it\/wp-content\/uploads\/2021\/06\/IMG-20210615-WA0019.jpg 2048w\" sizes=\"auto, (max-width: 1024px) 100vw, 1024px\" \/><\/a><\/figure><\/li><\/ul><\/figure>\n","protected":false},"excerpt":{"rendered":"<p>SEDECi siamo ritrovati numerosi presso il ristorante Giallo Modena al MEF per unapiacevole e, come al solito in questo periodo, ventosa serata, con un gradito ospite,il Prof. Franco Pulcini, direttore editoriale del Teatro alla Scala di Milano. ARGOMENTOIl Presidente Roberto Dino Villani, dopo l\u2019onore alle bandiere, ci ha presentato ilProf. Franco Pulcini, grande amico da [&hellip;]<\/p>\n","protected":false},"author":251,"featured_media":7930,"comment_status":"open","ping_status":"closed","sticky":false,"template":"","format":"standard","meta":{"_acf_changed":false,"footnotes":""},"categories":[8],"tags":[],"class_list":["post-7927","post","type-post","status-publish","format-standard","has-post-thumbnail","hentry","category-news","has_thumb"],"acf":[],"_links":{"self":[{"href":"https:\/\/www.rotarymodena.it\/index.php?rest_route=\/wp\/v2\/posts\/7927","targetHints":{"allow":["GET"]}}],"collection":[{"href":"https:\/\/www.rotarymodena.it\/index.php?rest_route=\/wp\/v2\/posts"}],"about":[{"href":"https:\/\/www.rotarymodena.it\/index.php?rest_route=\/wp\/v2\/types\/post"}],"author":[{"embeddable":true,"href":"https:\/\/www.rotarymodena.it\/index.php?rest_route=\/wp\/v2\/users\/251"}],"replies":[{"embeddable":true,"href":"https:\/\/www.rotarymodena.it\/index.php?rest_route=%2Fwp%2Fv2%2Fcomments&post=7927"}],"version-history":[{"count":1,"href":"https:\/\/www.rotarymodena.it\/index.php?rest_route=\/wp\/v2\/posts\/7927\/revisions"}],"predecessor-version":[{"id":7932,"href":"https:\/\/www.rotarymodena.it\/index.php?rest_route=\/wp\/v2\/posts\/7927\/revisions\/7932"}],"wp:featuredmedia":[{"embeddable":true,"href":"https:\/\/www.rotarymodena.it\/index.php?rest_route=\/wp\/v2\/media\/7930"}],"wp:attachment":[{"href":"https:\/\/www.rotarymodena.it\/index.php?rest_route=%2Fwp%2Fv2%2Fmedia&parent=7927"}],"wp:term":[{"taxonomy":"category","embeddable":true,"href":"https:\/\/www.rotarymodena.it\/index.php?rest_route=%2Fwp%2Fv2%2Fcategories&post=7927"},{"taxonomy":"post_tag","embeddable":true,"href":"https:\/\/www.rotarymodena.it\/index.php?rest_route=%2Fwp%2Fv2%2Ftags&post=7927"}],"curies":[{"name":"wp","href":"https:\/\/api.w.org\/{rel}","templated":true}]}}