{"id":7906,"date":"2021-06-15T08:27:03","date_gmt":"2021-06-15T07:27:03","guid":{"rendered":"https:\/\/www.rotarymodena.it\/?p=7906"},"modified":"2021-06-17T07:56:47","modified_gmt":"2021-06-17T06:56:47","slug":"resoconto-conviviale-dell-8-giugno-2021","status":"publish","type":"post","link":"https:\/\/www.rotarymodena.it\/?p=7906","title":{"rendered":"Resoconto della Conviviale dell\u2019 8 giugno 2021"},"content":{"rendered":"\n<p><strong>SEDE<\/strong><br>Presso la \u201cCorte dei Melograni\u201d abbiamo trascorso una piacevole serata facendo<br>\u201c4 chiacchiere con 2 attori\u201d, finalmente potendo cenare al coperto col coprifuoco<br>spostato a mezzanotte.<br><br><strong>ARGOMENTO<\/strong><br>Ospiti della serata sono stati due bravissimi attori, marito e moglie, Franca Nuti e<br>Giancarlo Dettori. Franca Nuti, nata nel 1929, ha svolto sia l\u2019attivit\u00e0 di recitazione<br>che quella di insegnante: ha recitato per diversi teatri stabili, tra cui quello di<br>Genova, Torino e Trieste, ha avuto registi importanti, come Franco Zeffirelli, Sandro<br>Bolchi e Tino Buazzelli, ha avuto accanto grandi interpreti, come Ivo Garrani, Raf<br>Vallone e Gabriele Lavia. Ha insegnato all\u2019 Accademia Nazionale di Arte Drammatica<br>e dal 1997 ha svolto attivit\u00e0 didattica alla Scuola del Piccolo Teatro fondata da<br>Giorgio Strehler: ha collaborato con il regista Luca Ronconi. Pochi giorni fa ha<br>recitato di nuovo al Piccolo Teatro di Milano in A German Life, interpretando la<br>figura di una ragazza tedesca che lavorava per Joseph Goebbels: un successo.<br>Giancarlo Dettori, nato nel 1932, dopo avere frequentato l\u2019 Accademia di Arte<br>Drammatica ha fatto parte per 50 anni di numerosissime produzioni del Piccolo<br>Teatro di Milano sotto la direzione di Giorgio Strehler, a partire dallo storico<br>Arlecchino servitore di due padroni di Carlo Goldoni di cui ha fatto migliaia di<br>repliche in tutto il mondo. Ha lavorato molto anche in televisione ed \u00e8 stato anche<br>un ottimo doppiatore.<br>Il Presidente Roberto Dino Villani, prima di cena, ha intervistato i due giovani<br>attori, con l\u2019ausilio di immagini della loro vita teatrale che scorrevano alle spalle:<br>Franca Nuti e Giovanni Dettori hanno raccontato alcuni aneddoti della loro lunga<br>vita sul palcoscenico, ricordando soprattutto registi come Luca Ronconi e Giorgio<br>Strehler, a cui sono sempre rimasti legati, attratti dal senso del pubblico che<br>emanava dal loro insegnamento. La magia del teatro \u00e8 quella di interpretare un<br>personaggio diverso da se stessi, entrando nei suoi panni ed abbandonando i propri:<br>quando un attore interpreta se stesso o si racconta, come spesso capita oggi, d\u00e0<br>un\u2019immagine squallida del teatro. Alla domanda di quale sia stata la molla che \u00e8<br>scattata per diventare attori, Franca Nuti ha risposto che da sempre \u00e8 stata attratta<br>dal sogno di essere un altro e questo si realizzava ogni sera quando andava in scena.<br>Giovanni Dettori voleva fare il giornalista, ma non riusciva ad allontanarsi da ci\u00f2 che<br>leggeva, si immedesimava nei personaggi e da l\u00ec il passo per arrivare ad interpretarli<br>\u00e8 stato breve. Una grande sfida era anche rappresentata dal desiderio di vincere la<br>timidezza e dal piacere che si aveva nel catturare l\u2019attenzione del pubblico.<br>Una bellissima serata, allietata dall\u2019immagine di eleganza, freschezza e vitalit\u00e0 che<br>ci hanno dato due giovani novantenni.<br><br><strong>PRESIDENTE<\/strong><br>Il Presidente Roberto Dino Villani ha poi chiuso la conviviale ricordando i prossimi<br>impegni rotariani e facendo gli auguri di buon compleanno a Mario Gambigliani<br>Zoccoli, presente, che compiva gli anni proprio oggi.<br>Un caro saluto<br>Claudio Colombi<\/p>\n\n\n\n<figure class=\"wp-block-gallery columns-3 is-cropped wp-block-gallery-1 is-layout-flex wp-block-gallery-is-layout-flex\"><ul class=\"blocks-gallery-grid\"><li class=\"blocks-gallery-item\"><figure><a href=\"https:\/\/www.rotarymodena.it\/wp-content\/uploads\/2021\/06\/IMG-20210609-WA0005.jpg\"><img loading=\"lazy\" decoding=\"async\" width=\"1024\" height=\"768\" src=\"https:\/\/www.rotarymodena.it\/wp-content\/uploads\/2021\/06\/IMG-20210609-WA0005-1024x768.jpg\" alt=\"\" data-id=\"7911\" data-full-url=\"https:\/\/www.rotarymodena.it\/wp-content\/uploads\/2021\/06\/IMG-20210609-WA0005.jpg\" data-link=\"https:\/\/www.rotarymodena.it\/?attachment_id=7911\" class=\"wp-image-7911\" srcset=\"https:\/\/www.rotarymodena.it\/wp-content\/uploads\/2021\/06\/IMG-20210609-WA0005-1024x768.jpg 1024w, https:\/\/www.rotarymodena.it\/wp-content\/uploads\/2021\/06\/IMG-20210609-WA0005-300x225.jpg 300w, https:\/\/www.rotarymodena.it\/wp-content\/uploads\/2021\/06\/IMG-20210609-WA0005-150x113.jpg 150w, https:\/\/www.rotarymodena.it\/wp-content\/uploads\/2021\/06\/IMG-20210609-WA0005-768x576.jpg 768w, https:\/\/www.rotarymodena.it\/wp-content\/uploads\/2021\/06\/IMG-20210609-WA0005-1536x1152.jpg 1536w, https:\/\/www.rotarymodena.it\/wp-content\/uploads\/2021\/06\/IMG-20210609-WA0005.jpg 1600w\" sizes=\"auto, (max-width: 1024px) 100vw, 1024px\" \/><\/a><\/figure><\/li><li class=\"blocks-gallery-item\"><figure><a href=\"https:\/\/www.rotarymodena.it\/wp-content\/uploads\/2021\/06\/20210608_225816-rid-scaled.jpg\"><img loading=\"lazy\" decoding=\"async\" width=\"1024\" height=\"498\" src=\"https:\/\/www.rotarymodena.it\/wp-content\/uploads\/2021\/06\/20210608_225816-rid-1024x498.jpg\" alt=\"\" data-id=\"7910\" data-full-url=\"https:\/\/www.rotarymodena.it\/wp-content\/uploads\/2021\/06\/20210608_225816-rid-scaled.jpg\" data-link=\"https:\/\/www.rotarymodena.it\/?attachment_id=7910\" class=\"wp-image-7910\" srcset=\"https:\/\/www.rotarymodena.it\/wp-content\/uploads\/2021\/06\/20210608_225816-rid-1024x498.jpg 1024w, https:\/\/www.rotarymodena.it\/wp-content\/uploads\/2021\/06\/20210608_225816-rid-300x146.jpg 300w, https:\/\/www.rotarymodena.it\/wp-content\/uploads\/2021\/06\/20210608_225816-rid-150x73.jpg 150w, https:\/\/www.rotarymodena.it\/wp-content\/uploads\/2021\/06\/20210608_225816-rid-768x373.jpg 768w, https:\/\/www.rotarymodena.it\/wp-content\/uploads\/2021\/06\/20210608_225816-rid-1536x747.jpg 1536w, https:\/\/www.rotarymodena.it\/wp-content\/uploads\/2021\/06\/20210608_225816-rid-2048x996.jpg 2048w\" sizes=\"auto, (max-width: 1024px) 100vw, 1024px\" \/><\/a><\/figure><\/li><li class=\"blocks-gallery-item\"><figure><a href=\"https:\/\/www.rotarymodena.it\/wp-content\/uploads\/2021\/06\/20210608_224020-rid-scaled.jpg\"><img loading=\"lazy\" decoding=\"async\" width=\"1024\" height=\"498\" src=\"https:\/\/www.rotarymodena.it\/wp-content\/uploads\/2021\/06\/20210608_224020-rid-1024x498.jpg\" alt=\"\" data-id=\"7909\" data-full-url=\"https:\/\/www.rotarymodena.it\/wp-content\/uploads\/2021\/06\/20210608_224020-rid-scaled.jpg\" data-link=\"https:\/\/www.rotarymodena.it\/?attachment_id=7909\" class=\"wp-image-7909\" srcset=\"https:\/\/www.rotarymodena.it\/wp-content\/uploads\/2021\/06\/20210608_224020-rid-1024x498.jpg 1024w, https:\/\/www.rotarymodena.it\/wp-content\/uploads\/2021\/06\/20210608_224020-rid-300x146.jpg 300w, https:\/\/www.rotarymodena.it\/wp-content\/uploads\/2021\/06\/20210608_224020-rid-150x73.jpg 150w, https:\/\/www.rotarymodena.it\/wp-content\/uploads\/2021\/06\/20210608_224020-rid-768x373.jpg 768w, https:\/\/www.rotarymodena.it\/wp-content\/uploads\/2021\/06\/20210608_224020-rid-1536x747.jpg 1536w, https:\/\/www.rotarymodena.it\/wp-content\/uploads\/2021\/06\/20210608_224020-rid-2048x996.jpg 2048w\" sizes=\"auto, (max-width: 1024px) 100vw, 1024px\" \/><\/a><\/figure><\/li><li class=\"blocks-gallery-item\"><figure><a href=\"https:\/\/www.rotarymodena.it\/wp-content\/uploads\/2021\/06\/20210608_204258-rid-scaled.jpg\"><img loading=\"lazy\" decoding=\"async\" width=\"1024\" height=\"498\" src=\"https:\/\/www.rotarymodena.it\/wp-content\/uploads\/2021\/06\/20210608_204258-rid-1024x498.jpg\" alt=\"\" data-id=\"7908\" data-full-url=\"https:\/\/www.rotarymodena.it\/wp-content\/uploads\/2021\/06\/20210608_204258-rid-scaled.jpg\" data-link=\"https:\/\/www.rotarymodena.it\/?attachment_id=7908\" class=\"wp-image-7908\" srcset=\"https:\/\/www.rotarymodena.it\/wp-content\/uploads\/2021\/06\/20210608_204258-rid-1024x498.jpg 1024w, https:\/\/www.rotarymodena.it\/wp-content\/uploads\/2021\/06\/20210608_204258-rid-300x146.jpg 300w, https:\/\/www.rotarymodena.it\/wp-content\/uploads\/2021\/06\/20210608_204258-rid-150x73.jpg 150w, https:\/\/www.rotarymodena.it\/wp-content\/uploads\/2021\/06\/20210608_204258-rid-768x373.jpg 768w, https:\/\/www.rotarymodena.it\/wp-content\/uploads\/2021\/06\/20210608_204258-rid-1536x747.jpg 1536w, https:\/\/www.rotarymodena.it\/wp-content\/uploads\/2021\/06\/20210608_204258-rid-2048x996.jpg 2048w\" sizes=\"auto, (max-width: 1024px) 100vw, 1024px\" \/><\/a><\/figure><\/li><li class=\"blocks-gallery-item\"><figure><a href=\"https:\/\/www.rotarymodena.it\/wp-content\/uploads\/2021\/06\/20210608_204240-rid-scaled.jpg\"><img loading=\"lazy\" decoding=\"async\" width=\"1024\" height=\"498\" src=\"https:\/\/www.rotarymodena.it\/wp-content\/uploads\/2021\/06\/20210608_204240-rid-1024x498.jpg\" alt=\"\" data-id=\"7907\" data-full-url=\"https:\/\/www.rotarymodena.it\/wp-content\/uploads\/2021\/06\/20210608_204240-rid-scaled.jpg\" data-link=\"https:\/\/www.rotarymodena.it\/?attachment_id=7907\" class=\"wp-image-7907\" srcset=\"https:\/\/www.rotarymodena.it\/wp-content\/uploads\/2021\/06\/20210608_204240-rid-1024x498.jpg 1024w, https:\/\/www.rotarymodena.it\/wp-content\/uploads\/2021\/06\/20210608_204240-rid-300x146.jpg 300w, https:\/\/www.rotarymodena.it\/wp-content\/uploads\/2021\/06\/20210608_204240-rid-150x73.jpg 150w, https:\/\/www.rotarymodena.it\/wp-content\/uploads\/2021\/06\/20210608_204240-rid-768x373.jpg 768w, https:\/\/www.rotarymodena.it\/wp-content\/uploads\/2021\/06\/20210608_204240-rid-1536x747.jpg 1536w, https:\/\/www.rotarymodena.it\/wp-content\/uploads\/2021\/06\/20210608_204240-rid-2048x996.jpg 2048w\" sizes=\"auto, (max-width: 1024px) 100vw, 1024px\" \/><\/a><\/figure><\/li><\/ul><\/figure>\n\n\n\n<p><\/p>\n","protected":false},"excerpt":{"rendered":"<p>SEDEPresso la \u201cCorte dei Melograni\u201d abbiamo trascorso una piacevole serata facendo\u201c4 chiacchiere con 2 attori\u201d, finalmente potendo cenare al coperto col coprifuocospostato a mezzanotte. ARGOMENTOOspiti della serata sono stati due bravissimi attori, marito e moglie, Franca Nuti eGiancarlo Dettori. Franca Nuti, nata nel 1929, ha svolto sia l\u2019attivit\u00e0 di recitazioneche quella di insegnante: ha recitato [&hellip;]<\/p>\n","protected":false},"author":251,"featured_media":7911,"comment_status":"open","ping_status":"closed","sticky":false,"template":"","format":"standard","meta":{"_acf_changed":false,"footnotes":""},"categories":[8],"tags":[],"class_list":["post-7906","post","type-post","status-publish","format-standard","has-post-thumbnail","hentry","category-news","has_thumb"],"acf":[],"_links":{"self":[{"href":"https:\/\/www.rotarymodena.it\/index.php?rest_route=\/wp\/v2\/posts\/7906","targetHints":{"allow":["GET"]}}],"collection":[{"href":"https:\/\/www.rotarymodena.it\/index.php?rest_route=\/wp\/v2\/posts"}],"about":[{"href":"https:\/\/www.rotarymodena.it\/index.php?rest_route=\/wp\/v2\/types\/post"}],"author":[{"embeddable":true,"href":"https:\/\/www.rotarymodena.it\/index.php?rest_route=\/wp\/v2\/users\/251"}],"replies":[{"embeddable":true,"href":"https:\/\/www.rotarymodena.it\/index.php?rest_route=%2Fwp%2Fv2%2Fcomments&post=7906"}],"version-history":[{"count":3,"href":"https:\/\/www.rotarymodena.it\/index.php?rest_route=\/wp\/v2\/posts\/7906\/revisions"}],"predecessor-version":[{"id":7925,"href":"https:\/\/www.rotarymodena.it\/index.php?rest_route=\/wp\/v2\/posts\/7906\/revisions\/7925"}],"wp:featuredmedia":[{"embeddable":true,"href":"https:\/\/www.rotarymodena.it\/index.php?rest_route=\/wp\/v2\/media\/7911"}],"wp:attachment":[{"href":"https:\/\/www.rotarymodena.it\/index.php?rest_route=%2Fwp%2Fv2%2Fmedia&parent=7906"}],"wp:term":[{"taxonomy":"category","embeddable":true,"href":"https:\/\/www.rotarymodena.it\/index.php?rest_route=%2Fwp%2Fv2%2Fcategories&post=7906"},{"taxonomy":"post_tag","embeddable":true,"href":"https:\/\/www.rotarymodena.it\/index.php?rest_route=%2Fwp%2Fv2%2Ftags&post=7906"}],"curies":[{"name":"wp","href":"https:\/\/api.w.org\/{rel}","templated":true}]}}