{"id":7804,"date":"2021-02-08T10:07:22","date_gmt":"2021-02-08T09:07:22","guid":{"rendered":"https:\/\/www.rotarymodena.it\/?p=7804"},"modified":"2021-02-08T10:07:22","modified_gmt":"2021-02-08T09:07:22","slug":"resoconto-della-conviviale-del-2-febbraio-2021","status":"publish","type":"post","link":"https:\/\/www.rotarymodena.it\/?p=7804","title":{"rendered":"Resoconto della Conviviale del 2 febbraio 2021"},"content":{"rendered":"\n<p><strong>SEDE<\/strong><br>Ci siamo trovati alle ore 13 per un brunch presso la Dispensa Emilia : il Presidente,<br>non appena la nostra regione \u00e8 passata in zona gialla nella distribuzione delle<br>limitazioni per la pandemia, ha subito sfruttato la riapertura dei ristoranti a<br>mezzogiorno ed ha organizzato una conviviale. Dai pareri dei presenti, la cosa \u00e8 stata<br>molto apprezzata : c\u2019\u00e8 voglia di rivederci, di parlare di persona, tra l\u2019altro<br>l\u2019informalit\u00e0 della location ed il sole che illuminava i locali hanno reso la conviviale<br>molto piacevole.<\/p>\n\n\n\n<p><br><strong>ARGOMENTO<\/strong><br>Il Presidente Roberto Dino Villani ha poi colto questa occasione per svolgere una<br>delle cerimonie pi\u00f9 importanti per un Club rotariano, la ammissione di una nuova<br>socia. Si tratta della Prof.ssa Costanza Torricelli, presentata da Claudio Colombi : la<br>Prof.ssa Torricelli \u00e8 dal 2001 Professore Ordinario di Metodi matematici<br>dell\u2019economia e delle scienze attuariali e finanziarie presso l\u2019Universit\u00e0 degli Studi di<br>Modena e Reggio Emilia. In pi\u00f9 \u00e8 Consigliere di Amministrazione del Banco BPM<br>S.p.A. e Consigliere della Fondazione territoriale del Banco San Geminiano e San<br>Prospero. (Si veda il curriculum in allegato). Eugenio Boni, in qualit\u00e0 di assistente del<br>Governatore, le ha appuntato la spilla e la Prof.ssa Torricelli ha letto il giuramento<br>del rotariano.<\/p>\n\n\n\n<p><br><strong>PRESIDENTE<\/strong><br>Il Presidente Roberto Dino Villani ha poi ribadito che prover\u00e0 ancora ad<br>organizzare delle conviviali all\u2019ora di pranzo fino a che la situazione lo permetter\u00e0,<br>sperando in un prossimo futuro di potere tornare alle nostre vecchie abitudini.<br>Marted\u00ec prossimo 9 febbraio \u00e8 prevista una relazione del nostro socio Giulio Garuti<br>la sera su piattaforma Zoom, cos\u00ec come il 23 febbraio sar\u00e0 la volta di Carlo Bertoli<br>sempre la sera e con le stesse modalit\u00e0. Il Presidente avrebbe in animo di <\/p>\n\n\n\n<p>organizzare un brunch per marted\u00ec 16 febbraio, giorno in cui vorrebbe poi<br>calendarizzare per la sera una riunione del Consiglio Direttivo su piattaforma Zoom<br>per valutare la modifica di due punti del nostro regolamento non molto precisi :<br>l\u2019ammissione di nuovi soci e le elezioni del Consiglio Direttivo. L\u2019amico Vittorio<br>Gasparini Casari, nella sua qualit\u00e0 di ex Professore Ordinario di Diritto<br>Amministrativo, cui \u00e8 stato affidato l\u2019incarico di redigere le modifiche, ha<br>confermato di avere completato le sue valutazioni.<br>Un caro saluto<br>Claudio Colombi<\/p>\n\n\n\n<figure class=\"wp-block-gallery columns-1 is-cropped wp-block-gallery-1 is-layout-flex wp-block-gallery-is-layout-flex\"><ul class=\"blocks-gallery-grid\"><li class=\"blocks-gallery-item\"><figure><a href=\"https:\/\/www.rotarymodena.it\/wp-content\/uploads\/2021\/02\/IMG-20210202-WA0006.jpg\"><img loading=\"lazy\" decoding=\"async\" width=\"1024\" height=\"768\" src=\"https:\/\/www.rotarymodena.it\/wp-content\/uploads\/2021\/02\/IMG-20210202-WA0006.jpg\" alt=\"\" data-id=\"7806\" data-full-url=\"https:\/\/www.rotarymodena.it\/wp-content\/uploads\/2021\/02\/IMG-20210202-WA0006.jpg\" data-link=\"https:\/\/www.rotarymodena.it\/?attachment_id=7806\" class=\"wp-image-7806\" srcset=\"https:\/\/www.rotarymodena.it\/wp-content\/uploads\/2021\/02\/IMG-20210202-WA0006.jpg 1024w, https:\/\/www.rotarymodena.it\/wp-content\/uploads\/2021\/02\/IMG-20210202-WA0006-300x225.jpg 300w, https:\/\/www.rotarymodena.it\/wp-content\/uploads\/2021\/02\/IMG-20210202-WA0006-150x113.jpg 150w, https:\/\/www.rotarymodena.it\/wp-content\/uploads\/2021\/02\/IMG-20210202-WA0006-768x576.jpg 768w\" sizes=\"auto, (max-width: 1024px) 100vw, 1024px\" \/><\/a><\/figure><\/li><li class=\"blocks-gallery-item\"><figure><a href=\"https:\/\/www.rotarymodena.it\/wp-content\/uploads\/2021\/02\/IMG-20210202-WA0001.jpg\"><img loading=\"lazy\" decoding=\"async\" width=\"300\" height=\"225\" src=\"https:\/\/www.rotarymodena.it\/wp-content\/uploads\/2021\/02\/IMG-20210202-WA0001-300x225.jpg\" alt=\"\" data-id=\"7805\" data-full-url=\"https:\/\/www.rotarymodena.it\/wp-content\/uploads\/2021\/02\/IMG-20210202-WA0001.jpg\" data-link=\"https:\/\/www.rotarymodena.it\/?attachment_id=7805\" class=\"wp-image-7805\" srcset=\"https:\/\/www.rotarymodena.it\/wp-content\/uploads\/2021\/02\/IMG-20210202-WA0001-300x225.jpg 300w, https:\/\/www.rotarymodena.it\/wp-content\/uploads\/2021\/02\/IMG-20210202-WA0001-150x113.jpg 150w, https:\/\/www.rotarymodena.it\/wp-content\/uploads\/2021\/02\/IMG-20210202-WA0001-768x576.jpg 768w, https:\/\/www.rotarymodena.it\/wp-content\/uploads\/2021\/02\/IMG-20210202-WA0001.jpg 1024w\" sizes=\"auto, (max-width: 300px) 100vw, 300px\" \/><\/a><\/figure><\/li><\/ul><\/figure>\n","protected":false},"excerpt":{"rendered":"<p>SEDECi siamo trovati alle ore 13 per un brunch presso la Dispensa Emilia : il Presidente,non appena la nostra regione \u00e8 passata in zona gialla nella distribuzione dellelimitazioni per la pandemia, ha subito sfruttato la riapertura dei ristoranti amezzogiorno ed ha organizzato una conviviale. Dai pareri dei presenti, la cosa \u00e8 statamolto apprezzata : c\u2019\u00e8 [&hellip;]<\/p>\n","protected":false},"author":251,"featured_media":7805,"comment_status":"open","ping_status":"closed","sticky":false,"template":"","format":"standard","meta":{"_acf_changed":false,"footnotes":""},"categories":[8],"tags":[],"class_list":["post-7804","post","type-post","status-publish","format-standard","has-post-thumbnail","hentry","category-news","has_thumb"],"acf":[],"_links":{"self":[{"href":"https:\/\/www.rotarymodena.it\/index.php?rest_route=\/wp\/v2\/posts\/7804","targetHints":{"allow":["GET"]}}],"collection":[{"href":"https:\/\/www.rotarymodena.it\/index.php?rest_route=\/wp\/v2\/posts"}],"about":[{"href":"https:\/\/www.rotarymodena.it\/index.php?rest_route=\/wp\/v2\/types\/post"}],"author":[{"embeddable":true,"href":"https:\/\/www.rotarymodena.it\/index.php?rest_route=\/wp\/v2\/users\/251"}],"replies":[{"embeddable":true,"href":"https:\/\/www.rotarymodena.it\/index.php?rest_route=%2Fwp%2Fv2%2Fcomments&post=7804"}],"version-history":[{"count":1,"href":"https:\/\/www.rotarymodena.it\/index.php?rest_route=\/wp\/v2\/posts\/7804\/revisions"}],"predecessor-version":[{"id":7807,"href":"https:\/\/www.rotarymodena.it\/index.php?rest_route=\/wp\/v2\/posts\/7804\/revisions\/7807"}],"wp:featuredmedia":[{"embeddable":true,"href":"https:\/\/www.rotarymodena.it\/index.php?rest_route=\/wp\/v2\/media\/7805"}],"wp:attachment":[{"href":"https:\/\/www.rotarymodena.it\/index.php?rest_route=%2Fwp%2Fv2%2Fmedia&parent=7804"}],"wp:term":[{"taxonomy":"category","embeddable":true,"href":"https:\/\/www.rotarymodena.it\/index.php?rest_route=%2Fwp%2Fv2%2Fcategories&post=7804"},{"taxonomy":"post_tag","embeddable":true,"href":"https:\/\/www.rotarymodena.it\/index.php?rest_route=%2Fwp%2Fv2%2Ftags&post=7804"}],"curies":[{"name":"wp","href":"https:\/\/api.w.org\/{rel}","templated":true}]}}