{"id":7669,"date":"2020-07-31T08:31:40","date_gmt":"2020-07-31T07:31:40","guid":{"rendered":"https:\/\/www.rotarymodena.it\/?p=7669"},"modified":"2020-07-31T08:31:43","modified_gmt":"2020-07-31T07:31:43","slug":"conviviale-del-28-luglio-2020","status":"publish","type":"post","link":"https:\/\/www.rotarymodena.it\/?p=7669","title":{"rendered":"Conviviale del 28 luglio 2020"},"content":{"rendered":"\n<p>SEDE    La conviviale si \u00e8 tenuta presso il ristorante Giallo Modena-MEF : \u00e8 stata l\u2019occasione per salutarci e farci gli auguri di un sereno e riposante periodo di ferie, quello che ci vuole dopo gli ultimi tribolati mesi segnati da un avvenimento assolutamente imprevisto e di portata enorme quale \u00e8 stata la pandemia da SARS CoV-2. <\/p>\n\n\n\n<p>ARGOMENTO    Abbiamo avuto l\u2019opportunit\u00e0 di visitare il Museo Ferrari da soli, in assoluta tranquillit\u00e0. Certamente questo non \u00e8 un periodo esaltante per la scuderia Ferrari in Formula 1, per\u00f2 il mito resiste ed \u00e8 sicuramente emozionante vedere una serie di macchine cos\u00ec belle esposte in una sala che ne esalta il fascino.  <\/p>\n\n\n\n<p>PRESIDENTE    Il Presidente Roberto Dino Villani dopo averci brevemente ricordato che in agosto ci potremo liberamente trovare presso l\u2019Hosteria Vecchia Pirri (previa prenotazione diretta da parte di ciascuno di noi)  e che il mese di settembre sar\u00e0 ricco di importanti appuntamenti con sedi ancora in parte da definire, ci ha salutato augurando buone ferie a tutti. <\/p>\n\n\n\n<p>Un caro saluto Claudio Colombi <\/p>\n\n\n\n<figure class=\"wp-block-gallery columns-3 is-cropped wp-block-gallery-1 is-layout-flex wp-block-gallery-is-layout-flex\"><ul class=\"blocks-gallery-grid\"><li class=\"blocks-gallery-item\"><figure><img loading=\"lazy\" decoding=\"async\" width=\"1024\" height=\"498\" src=\"https:\/\/www.rotarymodena.it\/wp-content\/uploads\/2020\/07\/20200728_201453-mod-1024x498.jpg\" alt=\"\" data-id=\"7670\" data-full-url=\"https:\/\/www.rotarymodena.it\/wp-content\/uploads\/2020\/07\/20200728_201453-mod-scaled.jpg\" data-link=\"https:\/\/www.rotarymodena.it\/?attachment_id=7670\" class=\"wp-image-7670\" srcset=\"https:\/\/www.rotarymodena.it\/wp-content\/uploads\/2020\/07\/20200728_201453-mod-1024x498.jpg 1024w, https:\/\/www.rotarymodena.it\/wp-content\/uploads\/2020\/07\/20200728_201453-mod-300x146.jpg 300w, https:\/\/www.rotarymodena.it\/wp-content\/uploads\/2020\/07\/20200728_201453-mod-150x73.jpg 150w, https:\/\/www.rotarymodena.it\/wp-content\/uploads\/2020\/07\/20200728_201453-mod-768x373.jpg 768w, https:\/\/www.rotarymodena.it\/wp-content\/uploads\/2020\/07\/20200728_201453-mod-1536x747.jpg 1536w, https:\/\/www.rotarymodena.it\/wp-content\/uploads\/2020\/07\/20200728_201453-mod-2048x996.jpg 2048w\" sizes=\"auto, (max-width: 1024px) 100vw, 1024px\" \/><\/figure><\/li><li class=\"blocks-gallery-item\"><figure><img loading=\"lazy\" decoding=\"async\" width=\"1024\" height=\"498\" src=\"https:\/\/www.rotarymodena.it\/wp-content\/uploads\/2020\/07\/20200728_203004-mod-1024x498.jpg\" alt=\"\" data-id=\"7671\" data-full-url=\"https:\/\/www.rotarymodena.it\/wp-content\/uploads\/2020\/07\/20200728_203004-mod-scaled.jpg\" data-link=\"https:\/\/www.rotarymodena.it\/?attachment_id=7671\" class=\"wp-image-7671\" srcset=\"https:\/\/www.rotarymodena.it\/wp-content\/uploads\/2020\/07\/20200728_203004-mod-1024x498.jpg 1024w, https:\/\/www.rotarymodena.it\/wp-content\/uploads\/2020\/07\/20200728_203004-mod-300x146.jpg 300w, https:\/\/www.rotarymodena.it\/wp-content\/uploads\/2020\/07\/20200728_203004-mod-150x73.jpg 150w, https:\/\/www.rotarymodena.it\/wp-content\/uploads\/2020\/07\/20200728_203004-mod-768x373.jpg 768w, https:\/\/www.rotarymodena.it\/wp-content\/uploads\/2020\/07\/20200728_203004-mod-1536x747.jpg 1536w, https:\/\/www.rotarymodena.it\/wp-content\/uploads\/2020\/07\/20200728_203004-mod-2048x996.jpg 2048w\" sizes=\"auto, (max-width: 1024px) 100vw, 1024px\" \/><\/figure><\/li><li class=\"blocks-gallery-item\"><figure><img loading=\"lazy\" decoding=\"async\" width=\"1024\" height=\"498\" src=\"https:\/\/www.rotarymodena.it\/wp-content\/uploads\/2020\/07\/20200728_204142-mod-1024x498.jpg\" alt=\"\" data-id=\"7672\" data-full-url=\"https:\/\/www.rotarymodena.it\/wp-content\/uploads\/2020\/07\/20200728_204142-mod-scaled.jpg\" data-link=\"https:\/\/www.rotarymodena.it\/?attachment_id=7672\" class=\"wp-image-7672\" srcset=\"https:\/\/www.rotarymodena.it\/wp-content\/uploads\/2020\/07\/20200728_204142-mod-1024x498.jpg 1024w, https:\/\/www.rotarymodena.it\/wp-content\/uploads\/2020\/07\/20200728_204142-mod-300x146.jpg 300w, https:\/\/www.rotarymodena.it\/wp-content\/uploads\/2020\/07\/20200728_204142-mod-150x73.jpg 150w, https:\/\/www.rotarymodena.it\/wp-content\/uploads\/2020\/07\/20200728_204142-mod-768x373.jpg 768w, https:\/\/www.rotarymodena.it\/wp-content\/uploads\/2020\/07\/20200728_204142-mod-1536x747.jpg 1536w, https:\/\/www.rotarymodena.it\/wp-content\/uploads\/2020\/07\/20200728_204142-mod-2048x996.jpg 2048w\" sizes=\"auto, (max-width: 1024px) 100vw, 1024px\" \/><\/figure><\/li><\/ul><\/figure>\n","protected":false},"excerpt":{"rendered":"<p>SEDE La conviviale si \u00e8 tenuta presso il ristorante Giallo Modena-MEF : \u00e8 stata l\u2019occasione per salutarci e farci gli auguri di un sereno e riposante periodo di ferie, quello che ci vuole dopo gli ultimi tribolati mesi segnati da un avvenimento assolutamente imprevisto e di portata enorme quale \u00e8 stata la pandemia da SARS [&hellip;]<\/p>\n","protected":false},"author":251,"featured_media":7671,"comment_status":"open","ping_status":"closed","sticky":false,"template":"","format":"standard","meta":{"_acf_changed":false,"footnotes":""},"categories":[8],"tags":[],"class_list":["post-7669","post","type-post","status-publish","format-standard","has-post-thumbnail","hentry","category-news","has_thumb"],"acf":[],"_links":{"self":[{"href":"https:\/\/www.rotarymodena.it\/index.php?rest_route=\/wp\/v2\/posts\/7669","targetHints":{"allow":["GET"]}}],"collection":[{"href":"https:\/\/www.rotarymodena.it\/index.php?rest_route=\/wp\/v2\/posts"}],"about":[{"href":"https:\/\/www.rotarymodena.it\/index.php?rest_route=\/wp\/v2\/types\/post"}],"author":[{"embeddable":true,"href":"https:\/\/www.rotarymodena.it\/index.php?rest_route=\/wp\/v2\/users\/251"}],"replies":[{"embeddable":true,"href":"https:\/\/www.rotarymodena.it\/index.php?rest_route=%2Fwp%2Fv2%2Fcomments&post=7669"}],"version-history":[{"count":1,"href":"https:\/\/www.rotarymodena.it\/index.php?rest_route=\/wp\/v2\/posts\/7669\/revisions"}],"predecessor-version":[{"id":7673,"href":"https:\/\/www.rotarymodena.it\/index.php?rest_route=\/wp\/v2\/posts\/7669\/revisions\/7673"}],"wp:featuredmedia":[{"embeddable":true,"href":"https:\/\/www.rotarymodena.it\/index.php?rest_route=\/wp\/v2\/media\/7671"}],"wp:attachment":[{"href":"https:\/\/www.rotarymodena.it\/index.php?rest_route=%2Fwp%2Fv2%2Fmedia&parent=7669"}],"wp:term":[{"taxonomy":"category","embeddable":true,"href":"https:\/\/www.rotarymodena.it\/index.php?rest_route=%2Fwp%2Fv2%2Fcategories&post=7669"},{"taxonomy":"post_tag","embeddable":true,"href":"https:\/\/www.rotarymodena.it\/index.php?rest_route=%2Fwp%2Fv2%2Ftags&post=7669"}],"curies":[{"name":"wp","href":"https:\/\/api.w.org\/{rel}","templated":true}]}}