{"id":5363,"date":"2017-10-20T15:40:17","date_gmt":"2017-10-20T14:40:17","guid":{"rendered":"http:\/\/rotaryclubmodena.it\/?p=5363"},"modified":"2017-10-27T13:54:47","modified_gmt":"2017-10-27T12:54:47","slug":"resoconto-conviviale-con-rotaract-di-martedi-17-ottobre","status":"publish","type":"post","link":"https:\/\/www.rotarymodena.it\/?p=5363","title":{"rendered":"Resoconto conviviale con Rotaract di Marted\u00ec 17 ottobre"},"content":{"rendered":"<p>Marted\u00ec 17 ottobre si \u00e8 svolta presso la Societ\u00e0 del Sandrone\u00a0\u00a0un \u201ccaminetto\u201d in interclub con il ROTARACT CLUB MODENA\u00a0 dedicato alla presentazione del club e del programma. \u00a0Il Presidente ha dato la parola al nostro socio avv. Andrea Pini Bentivoglio delegato della commissione Rotaract e Ryla il quale ha presentato i progetti e la Presidentessa del Rotact\u00a0 avv. Rossana Perfetti che ha informato i soci dei prossimi programmi del ROTARACT CLUB MODENA.\u00a0 Al termine il Presidente ha ringraziato il ROTARACT CLUB MODENA, omaggiandoli del gagliardetto del Club.<\/p>\n<p>&nbsp;<\/p>\n\n\t\t<style type=\"text\/css\">\n\t\t\t#gallery-1 {\n\t\t\t\tmargin: auto;\n\t\t\t}\n\t\t\t#gallery-1 .gallery-item {\n\t\t\t\tfloat: left;\n\t\t\t\tmargin-top: 10px;\n\t\t\t\ttext-align: center;\n\t\t\t\twidth: 33%;\n\t\t\t}\n\t\t\t#gallery-1 img {\n\t\t\t\tborder: 2px solid #cfcfcf;\n\t\t\t}\n\t\t\t#gallery-1 .gallery-caption {\n\t\t\t\tmargin-left: 0;\n\t\t\t}\n\t\t\t\/* see gallery_shortcode() in wp-includes\/media.php *\/\n\t\t<\/style>\n\t\t<div id='gallery-1' class='gallery galleryid-5363 gallery-columns-3 gallery-size-thumbnail'><dl class='gallery-item'>\n\t\t\t<dt class='gallery-icon portrait'>\n\t\t\t\t<a href='https:\/\/www.rotarymodena.it\/wp-content\/uploads\/2017\/10\/IMG_9313.jpg'><img loading=\"lazy\" decoding=\"async\" width=\"79\" height=\"150\" src=\"https:\/\/www.rotarymodena.it\/wp-content\/uploads\/2017\/10\/IMG_9313-79x150.jpg\" class=\"attachment-thumbnail size-thumbnail\" alt=\"\" srcset=\"https:\/\/www.rotarymodena.it\/wp-content\/uploads\/2017\/10\/IMG_9313-79x150.jpg 79w, https:\/\/www.rotarymodena.it\/wp-content\/uploads\/2017\/10\/IMG_9313-158x300.jpg 158w, https:\/\/www.rotarymodena.it\/wp-content\/uploads\/2017\/10\/IMG_9313-540x1024.jpg 540w, https:\/\/www.rotarymodena.it\/wp-content\/uploads\/2017\/10\/IMG_9313.jpg 834w\" sizes=\"auto, (max-width: 79px) 100vw, 79px\" \/><\/a>\n\t\t\t<\/dt><\/dl><dl class='gallery-item'>\n\t\t\t<dt class='gallery-icon landscape'>\n\t\t\t\t<a href='https:\/\/www.rotarymodena.it\/wp-content\/uploads\/2017\/10\/IMG_9314.jpg'><img loading=\"lazy\" decoding=\"async\" width=\"150\" height=\"132\" src=\"https:\/\/www.rotarymodena.it\/wp-content\/uploads\/2017\/10\/IMG_9314-150x132.jpg\" class=\"attachment-thumbnail size-thumbnail\" alt=\"\" srcset=\"https:\/\/www.rotarymodena.it\/wp-content\/uploads\/2017\/10\/IMG_9314-150x132.jpg 150w, https:\/\/www.rotarymodena.it\/wp-content\/uploads\/2017\/10\/IMG_9314-300x264.jpg 300w, https:\/\/www.rotarymodena.it\/wp-content\/uploads\/2017\/10\/IMG_9314-1024x902.jpg 1024w, https:\/\/www.rotarymodena.it\/wp-content\/uploads\/2017\/10\/IMG_9314.jpg 1280w\" sizes=\"auto, (max-width: 150px) 100vw, 150px\" \/><\/a>\n\t\t\t<\/dt><\/dl><dl class='gallery-item'>\n\t\t\t<dt class='gallery-icon portrait'>\n\t\t\t\t<a href='https:\/\/www.rotarymodena.it\/wp-content\/uploads\/2017\/10\/IMG_9315.jpg'><img loading=\"lazy\" decoding=\"async\" width=\"112\" height=\"150\" src=\"https:\/\/www.rotarymodena.it\/wp-content\/uploads\/2017\/10\/IMG_9315-112x150.jpg\" class=\"attachment-thumbnail size-thumbnail\" alt=\"\" srcset=\"https:\/\/www.rotarymodena.it\/wp-content\/uploads\/2017\/10\/IMG_9315-112x150.jpg 112w, https:\/\/www.rotarymodena.it\/wp-content\/uploads\/2017\/10\/IMG_9315-225x300.jpg 225w, https:\/\/www.rotarymodena.it\/wp-content\/uploads\/2017\/10\/IMG_9315-768x1024.jpg 768w, https:\/\/www.rotarymodena.it\/wp-content\/uploads\/2017\/10\/IMG_9315.jpg 1224w\" sizes=\"auto, (max-width: 112px) 100vw, 112px\" \/><\/a>\n\t\t\t<\/dt><\/dl><br style=\"clear: both\" \/><dl class='gallery-item'>\n\t\t\t<dt class='gallery-icon portrait'>\n\t\t\t\t<a href='https:\/\/www.rotarymodena.it\/wp-content\/uploads\/2017\/10\/IMG_9316.jpg'><img loading=\"lazy\" decoding=\"async\" width=\"112\" height=\"150\" src=\"https:\/\/www.rotarymodena.it\/wp-content\/uploads\/2017\/10\/IMG_9316-112x150.jpg\" class=\"attachment-thumbnail size-thumbnail\" alt=\"\" srcset=\"https:\/\/www.rotarymodena.it\/wp-content\/uploads\/2017\/10\/IMG_9316-112x150.jpg 112w, https:\/\/www.rotarymodena.it\/wp-content\/uploads\/2017\/10\/IMG_9316-225x300.jpg 225w, https:\/\/www.rotarymodena.it\/wp-content\/uploads\/2017\/10\/IMG_9316-768x1024.jpg 768w, https:\/\/www.rotarymodena.it\/wp-content\/uploads\/2017\/10\/IMG_9316.jpg 1224w\" sizes=\"auto, (max-width: 112px) 100vw, 112px\" \/><\/a>\n\t\t\t<\/dt><\/dl><dl class='gallery-item'>\n\t\t\t<dt class='gallery-icon portrait'>\n\t\t\t\t<a href='https:\/\/www.rotarymodena.it\/wp-content\/uploads\/2017\/10\/IMG_9319.jpg'><img loading=\"lazy\" decoding=\"async\" width=\"123\" height=\"150\" src=\"https:\/\/www.rotarymodena.it\/wp-content\/uploads\/2017\/10\/IMG_9319-123x150.jpg\" class=\"attachment-thumbnail size-thumbnail\" alt=\"\" srcset=\"https:\/\/www.rotarymodena.it\/wp-content\/uploads\/2017\/10\/IMG_9319-123x150.jpg 123w, https:\/\/www.rotarymodena.it\/wp-content\/uploads\/2017\/10\/IMG_9319-246x300.jpg 246w, https:\/\/www.rotarymodena.it\/wp-content\/uploads\/2017\/10\/IMG_9319-842x1024.jpg 842w, https:\/\/www.rotarymodena.it\/wp-content\/uploads\/2017\/10\/IMG_9319.jpg 1106w\" sizes=\"auto, (max-width: 123px) 100vw, 123px\" \/><\/a>\n\t\t\t<\/dt><\/dl><dl class='gallery-item'>\n\t\t\t<dt class='gallery-icon portrait'>\n\t\t\t\t<a href='https:\/\/www.rotarymodena.it\/wp-content\/uploads\/2017\/10\/IMG_9320.jpg'><img loading=\"lazy\" decoding=\"async\" width=\"97\" height=\"150\" src=\"https:\/\/www.rotarymodena.it\/wp-content\/uploads\/2017\/10\/IMG_9320-97x150.jpg\" class=\"attachment-thumbnail size-thumbnail\" alt=\"\" srcset=\"https:\/\/www.rotarymodena.it\/wp-content\/uploads\/2017\/10\/IMG_9320-97x150.jpg 97w, https:\/\/www.rotarymodena.it\/wp-content\/uploads\/2017\/10\/IMG_9320-194x300.jpg 194w, https:\/\/www.rotarymodena.it\/wp-content\/uploads\/2017\/10\/IMG_9320-664x1024.jpg 664w, https:\/\/www.rotarymodena.it\/wp-content\/uploads\/2017\/10\/IMG_9320.jpg 1154w\" sizes=\"auto, (max-width: 97px) 100vw, 97px\" \/><\/a>\n\t\t\t<\/dt><\/dl><br style=\"clear: both\" \/><dl class='gallery-item'>\n\t\t\t<dt class='gallery-icon portrait'>\n\t\t\t\t<a href='https:\/\/www.rotarymodena.it\/wp-content\/uploads\/2017\/10\/IMG_9321.jpg'><img loading=\"lazy\" decoding=\"async\" width=\"112\" height=\"150\" src=\"https:\/\/www.rotarymodena.it\/wp-content\/uploads\/2017\/10\/IMG_9321-112x150.jpg\" class=\"attachment-thumbnail size-thumbnail\" alt=\"\" srcset=\"https:\/\/www.rotarymodena.it\/wp-content\/uploads\/2017\/10\/IMG_9321-112x150.jpg 112w, https:\/\/www.rotarymodena.it\/wp-content\/uploads\/2017\/10\/IMG_9321-225x300.jpg 225w, https:\/\/www.rotarymodena.it\/wp-content\/uploads\/2017\/10\/IMG_9321-768x1024.jpg 768w, https:\/\/www.rotarymodena.it\/wp-content\/uploads\/2017\/10\/IMG_9321.jpg 1224w\" sizes=\"auto, (max-width: 112px) 100vw, 112px\" \/><\/a>\n\t\t\t<\/dt><\/dl><dl class='gallery-item'>\n\t\t\t<dt class='gallery-icon portrait'>\n\t\t\t\t<a href='https:\/\/www.rotarymodena.it\/wp-content\/uploads\/2017\/10\/IMG_9322-e1508510381494.jpg'><img loading=\"lazy\" decoding=\"async\" width=\"112\" height=\"150\" src=\"https:\/\/www.rotarymodena.it\/wp-content\/uploads\/2017\/10\/IMG_9322-e1508510381494-112x150.jpg\" class=\"attachment-thumbnail size-thumbnail\" alt=\"\" srcset=\"https:\/\/www.rotarymodena.it\/wp-content\/uploads\/2017\/10\/IMG_9322-e1508510381494-112x150.jpg 112w, https:\/\/www.rotarymodena.it\/wp-content\/uploads\/2017\/10\/IMG_9322-e1508510381494-225x300.jpg 225w, https:\/\/www.rotarymodena.it\/wp-content\/uploads\/2017\/10\/IMG_9322-e1508510381494-768x1024.jpg 768w, https:\/\/www.rotarymodena.it\/wp-content\/uploads\/2017\/10\/IMG_9322-e1508510381494.jpg 1224w\" sizes=\"auto, (max-width: 112px) 100vw, 112px\" \/><\/a>\n\t\t\t<\/dt><\/dl><dl class='gallery-item'>\n\t\t\t<dt class='gallery-icon portrait'>\n\t\t\t\t<a href='https:\/\/www.rotarymodena.it\/wp-content\/uploads\/2017\/10\/IMG_9324-e1508510398195.jpg'><img loading=\"lazy\" decoding=\"async\" width=\"112\" height=\"150\" src=\"https:\/\/www.rotarymodena.it\/wp-content\/uploads\/2017\/10\/IMG_9324-e1508510398195-112x150.jpg\" class=\"attachment-thumbnail size-thumbnail\" alt=\"\" srcset=\"https:\/\/www.rotarymodena.it\/wp-content\/uploads\/2017\/10\/IMG_9324-e1508510398195-112x150.jpg 112w, https:\/\/www.rotarymodena.it\/wp-content\/uploads\/2017\/10\/IMG_9324-e1508510398195-225x300.jpg 225w, https:\/\/www.rotarymodena.it\/wp-content\/uploads\/2017\/10\/IMG_9324-e1508510398195-768x1024.jpg 768w, https:\/\/www.rotarymodena.it\/wp-content\/uploads\/2017\/10\/IMG_9324-e1508510398195.jpg 1224w\" sizes=\"auto, (max-width: 112px) 100vw, 112px\" \/><\/a>\n\t\t\t<\/dt><\/dl><br style=\"clear: both\" \/><dl class='gallery-item'>\n\t\t\t<dt class='gallery-icon landscape'>\n\t\t\t\t<a href='https:\/\/www.rotarymodena.it\/wp-content\/uploads\/2017\/10\/IMG_9342.jpg'><img loading=\"lazy\" decoding=\"async\" width=\"150\" height=\"112\" src=\"https:\/\/www.rotarymodena.it\/wp-content\/uploads\/2017\/10\/IMG_9342-150x112.jpg\" class=\"attachment-thumbnail size-thumbnail\" alt=\"\" srcset=\"https:\/\/www.rotarymodena.it\/wp-content\/uploads\/2017\/10\/IMG_9342-150x112.jpg 150w, https:\/\/www.rotarymodena.it\/wp-content\/uploads\/2017\/10\/IMG_9342-300x225.jpg 300w, https:\/\/www.rotarymodena.it\/wp-content\/uploads\/2017\/10\/IMG_9342-1024x768.jpg 1024w, https:\/\/www.rotarymodena.it\/wp-content\/uploads\/2017\/10\/IMG_9342.jpg 1632w\" sizes=\"auto, (max-width: 150px) 100vw, 150px\" \/><\/a>\n\t\t\t<\/dt><\/dl>\n\t\t\t<br style='clear: both' \/>\n\t\t<\/div>\n\n","protected":false},"excerpt":{"rendered":"<p>Marted\u00ec 17 ottobre si \u00e8 svolta presso la Societ\u00e0 del Sandrone\u00a0\u00a0un \u201ccaminetto\u201d in interclub con il ROTARACT CLUB MODENA\u00a0 dedicato alla presentazione del club e del programma. \u00a0Il Presidente ha dato la parola al nostro socio avv. Andrea Pini Bentivoglio delegato della commissione Rotaract e Ryla il quale ha presentato i progetti e la Presidentessa [&hellip;]<\/p>\n","protected":false},"author":251,"featured_media":5373,"comment_status":"open","ping_status":"closed","sticky":false,"template":"","format":"standard","meta":{"_acf_changed":false,"footnotes":""},"categories":[8,26],"tags":[],"class_list":["post-5363","post","type-post","status-publish","format-standard","has-post-thumbnail","hentry","category-news","category-news-dal-nostro-club","has_thumb"],"acf":[],"_links":{"self":[{"href":"https:\/\/www.rotarymodena.it\/index.php?rest_route=\/wp\/v2\/posts\/5363","targetHints":{"allow":["GET"]}}],"collection":[{"href":"https:\/\/www.rotarymodena.it\/index.php?rest_route=\/wp\/v2\/posts"}],"about":[{"href":"https:\/\/www.rotarymodena.it\/index.php?rest_route=\/wp\/v2\/types\/post"}],"author":[{"embeddable":true,"href":"https:\/\/www.rotarymodena.it\/index.php?rest_route=\/wp\/v2\/users\/251"}],"replies":[{"embeddable":true,"href":"https:\/\/www.rotarymodena.it\/index.php?rest_route=%2Fwp%2Fv2%2Fcomments&post=5363"}],"version-history":[{"count":2,"href":"https:\/\/www.rotarymodena.it\/index.php?rest_route=\/wp\/v2\/posts\/5363\/revisions"}],"predecessor-version":[{"id":5403,"href":"https:\/\/www.rotarymodena.it\/index.php?rest_route=\/wp\/v2\/posts\/5363\/revisions\/5403"}],"wp:featuredmedia":[{"embeddable":true,"href":"https:\/\/www.rotarymodena.it\/index.php?rest_route=\/wp\/v2\/media\/5373"}],"wp:attachment":[{"href":"https:\/\/www.rotarymodena.it\/index.php?rest_route=%2Fwp%2Fv2%2Fmedia&parent=5363"}],"wp:term":[{"taxonomy":"category","embeddable":true,"href":"https:\/\/www.rotarymodena.it\/index.php?rest_route=%2Fwp%2Fv2%2Fcategories&post=5363"},{"taxonomy":"post_tag","embeddable":true,"href":"https:\/\/www.rotarymodena.it\/index.php?rest_route=%2Fwp%2Fv2%2Ftags&post=5363"}],"curies":[{"name":"wp","href":"https:\/\/api.w.org\/{rel}","templated":true}]}}