{"id":4898,"date":"2016-10-10T08:29:22","date_gmt":"2016-10-10T07:29:22","guid":{"rendered":"http:\/\/rotaryclubmodena.it\/?p=4898"},"modified":"2016-10-10T08:31:38","modified_gmt":"2016-10-10T07:31:38","slug":"resoconto-caminetto-con-rotaract-del-4-aprile-2016","status":"publish","type":"post","link":"https:\/\/www.rotarymodena.it\/?p=4898","title":{"rendered":"Resoconto caminetto con Rotaract del 4 Ottobre 2016"},"content":{"rendered":"<p>Marted\u00ec 04 ottobre si \u00e8 svolta presso la Societ\u00e0 del Sandrone\u00a0\u00a0un \u201ccaminetto\u201d in interclub con il ROTARACT CLUB MODENA\u00a0 dedicato alla presentazione del club e del programma. Il Presidente, Ing. Damiano Biondi, ha evidenziato l\u2019attivit\u00e0 in corso di svolgimento di razionalizzazione del club sia dal punto di vista della compagine sociale sia sotto l\u2019aspetto economico. Per quanto riguarda il numero dei soci, passati da 33 a 24, questo \u00e8 stato motivato dalla necessit\u00e0 di cancellare alcuni nominativi che per diverse motivazioni erano impossibilitati a frequentare le attivit\u00e0 sociali. Dal punto di vista economico sono state recuperate numerose quote annuali degli anni precedenti e crediti, ancora pendenti, riportando la situazione contabile ad maggior trasparenza e corrispondenza alla realt\u00e0.<\/p>\n<p>Sono stati infine presentati i progetti di servizio che verranno attuati dal Club, nel corrente anno, spesso in collaborazioni con altre associazioni del territorio.<\/p>\n<p>Nella serata, dedicata anche agli Alumni Rotary, era presente come ospite Jesse Lemson, ragazzo olandese diciottenne, sponsorizzato dal nostro Club, che ha in corso uno scambio internazionale di un anno per frequentare nella nostra provincia il quarto anno scolastico delle superiori. Jesse era accompagnato dalla Sig.ra Silvana Sarti Ferrari e dalla figlia Camilla che lo ospitano a San Felice sul Panaro.<\/p>\n<p>Al termine il Presidente ha ringraziato il relatore e gli ospiti, omaggiandoli del gagliardetto del Club.<\/p>\n<p>[wppa type=&#8221;album&#8221; album=&#8221;65&#8243;][\/wppa]<\/p>\n<p>&nbsp;<\/p>\n","protected":false},"excerpt":{"rendered":"<p>Marted\u00ec 04 ottobre si \u00e8 svolta presso la Societ\u00e0 del Sandrone\u00a0\u00a0un \u201ccaminetto\u201d in interclub con il ROTARACT CLUB MODENA\u00a0 dedicato alla presentazione del club e del programma. Il Presidente, Ing. Damiano Biondi, ha evidenziato l\u2019attivit\u00e0 in corso di svolgimento di razionalizzazione del club sia dal punto di vista della compagine sociale sia sotto l\u2019aspetto economico. [&hellip;]<\/p>\n","protected":false},"author":251,"featured_media":4899,"comment_status":"open","ping_status":"closed","sticky":false,"template":"","format":"standard","meta":{"_acf_changed":false,"footnotes":""},"categories":[8,26],"tags":[],"class_list":["post-4898","post","type-post","status-publish","format-standard","has-post-thumbnail","hentry","category-news","category-news-dal-nostro-club","has_thumb"],"acf":[],"_links":{"self":[{"href":"https:\/\/www.rotarymodena.it\/index.php?rest_route=\/wp\/v2\/posts\/4898","targetHints":{"allow":["GET"]}}],"collection":[{"href":"https:\/\/www.rotarymodena.it\/index.php?rest_route=\/wp\/v2\/posts"}],"about":[{"href":"https:\/\/www.rotarymodena.it\/index.php?rest_route=\/wp\/v2\/types\/post"}],"author":[{"embeddable":true,"href":"https:\/\/www.rotarymodena.it\/index.php?rest_route=\/wp\/v2\/users\/251"}],"replies":[{"embeddable":true,"href":"https:\/\/www.rotarymodena.it\/index.php?rest_route=%2Fwp%2Fv2%2Fcomments&post=4898"}],"version-history":[{"count":3,"href":"https:\/\/www.rotarymodena.it\/index.php?rest_route=\/wp\/v2\/posts\/4898\/revisions"}],"predecessor-version":[{"id":4902,"href":"https:\/\/www.rotarymodena.it\/index.php?rest_route=\/wp\/v2\/posts\/4898\/revisions\/4902"}],"wp:featuredmedia":[{"embeddable":true,"href":"https:\/\/www.rotarymodena.it\/index.php?rest_route=\/wp\/v2\/media\/4899"}],"wp:attachment":[{"href":"https:\/\/www.rotarymodena.it\/index.php?rest_route=%2Fwp%2Fv2%2Fmedia&parent=4898"}],"wp:term":[{"taxonomy":"category","embeddable":true,"href":"https:\/\/www.rotarymodena.it\/index.php?rest_route=%2Fwp%2Fv2%2Fcategories&post=4898"},{"taxonomy":"post_tag","embeddable":true,"href":"https:\/\/www.rotarymodena.it\/index.php?rest_route=%2Fwp%2Fv2%2Ftags&post=4898"}],"curies":[{"name":"wp","href":"https:\/\/api.w.org\/{rel}","templated":true}]}}