{"id":4581,"date":"2016-04-04T14:07:05","date_gmt":"2016-04-04T13:07:05","guid":{"rendered":"http:\/\/rotaryclubmodena.it\/?p=4581"},"modified":"2016-04-04T14:07:05","modified_gmt":"2016-04-04T13:07:05","slug":"il-rotary-club-modena-partecipa-lautismo","status":"publish","type":"post","link":"https:\/\/www.rotarymodena.it\/?p=4581","title":{"rendered":"Il Rotary Club Modena &#8220;partecipa l\u2019autismo&#8221;"},"content":{"rendered":"<p><img loading=\"lazy\" decoding=\"async\" class=\"alignnone size-full wp-image-4582\" alt=\"Partecipare-l'autismo-Locandina\" src=\"http:\/\/rotaryclubmodena.it\/wp-content\/uploads\/2016\/04\/Partecipare-lautismo-Locandina.jpg\" width=\"418\" height=\"599\" srcset=\"https:\/\/www.rotarymodena.it\/wp-content\/uploads\/2016\/04\/Partecipare-lautismo-Locandina.jpg 418w, https:\/\/www.rotarymodena.it\/wp-content\/uploads\/2016\/04\/Partecipare-lautismo-Locandina-104x150.jpg 104w, https:\/\/www.rotarymodena.it\/wp-content\/uploads\/2016\/04\/Partecipare-lautismo-Locandina-209x300.jpg 209w\" sizes=\"auto, (max-width: 418px) 100vw, 418px\" \/><br \/>\nSi \u00e8 svolto sabato 2 aprile scorso, nell\u2019Aula Magna dell\u2019Accademia Militare, il convegno \u201cPartecipare L\u2019AUTISMO\u201d, organizzato dall\u2019Associazione AUT AUT di Modena, nell\u2019ambito della giornata mondiale di sensibilizzazione sull\u2019autismo.<br \/>\nIl nostro Club, grazie all\u2019interessamento di Filippo Tacoli, Presidente della Commissione progetti, ha sotenuto l\u2019Associazione, contribuendo al finanziamento dell\u2019iniziativa \u201cIl Tortellante\u201d, che \u00e8 consistita nella creazione di un laboratorio-cucina dove i ragazzi autistici possono apprendere un&#8217;attivit\u00e0 culinaria, che pu\u00f2 facilitare la loro integrazione nel mondo del lavoro.<br \/>\nDurante il convegno del 2 aprile, alla presenza di numerose autorit\u00e0 cittadine e regionali, il nostro Club \u00e8 stato pubblicamente ringraziato dalla presidentessa di AUT-AUT, dott.ssa Erika Coppelli, per il sostegno che abbiamo saputo dare.<\/p>\n<p>[wppa type=&#8221;album&#8221; album=&#8221;46&#8243;][\/wppa]<\/p>\n","protected":false},"excerpt":{"rendered":"<p>Si \u00e8 svolto sabato 2 aprile scorso, nell\u2019Aula Magna dell\u2019Accademia Militare, il convegno \u201cPartecipare L\u2019AUTISMO\u201d, organizzato dall\u2019Associazione AUT AUT di Modena, nell\u2019ambito della giornata mondiale di sensibilizzazione sull\u2019autismo. Il nostro Club, grazie all\u2019interessamento di Filippo Tacoli, Presidente della Commissione progetti, ha sotenuto l\u2019Associazione, contribuendo al finanziamento dell\u2019iniziativa \u201cIl Tortellante\u201d, che \u00e8 consistita nella creazione di [&hellip;]<\/p>\n","protected":false},"author":251,"featured_media":4583,"comment_status":"open","ping_status":"closed","sticky":false,"template":"","format":"standard","meta":{"_acf_changed":false,"footnotes":""},"categories":[8,26],"tags":[],"class_list":["post-4581","post","type-post","status-publish","format-standard","has-post-thumbnail","hentry","category-news","category-news-dal-nostro-club","has_thumb"],"acf":[],"_links":{"self":[{"href":"https:\/\/www.rotarymodena.it\/index.php?rest_route=\/wp\/v2\/posts\/4581","targetHints":{"allow":["GET"]}}],"collection":[{"href":"https:\/\/www.rotarymodena.it\/index.php?rest_route=\/wp\/v2\/posts"}],"about":[{"href":"https:\/\/www.rotarymodena.it\/index.php?rest_route=\/wp\/v2\/types\/post"}],"author":[{"embeddable":true,"href":"https:\/\/www.rotarymodena.it\/index.php?rest_route=\/wp\/v2\/users\/251"}],"replies":[{"embeddable":true,"href":"https:\/\/www.rotarymodena.it\/index.php?rest_route=%2Fwp%2Fv2%2Fcomments&post=4581"}],"version-history":[{"count":1,"href":"https:\/\/www.rotarymodena.it\/index.php?rest_route=\/wp\/v2\/posts\/4581\/revisions"}],"predecessor-version":[{"id":4584,"href":"https:\/\/www.rotarymodena.it\/index.php?rest_route=\/wp\/v2\/posts\/4581\/revisions\/4584"}],"wp:featuredmedia":[{"embeddable":true,"href":"https:\/\/www.rotarymodena.it\/index.php?rest_route=\/wp\/v2\/media\/4583"}],"wp:attachment":[{"href":"https:\/\/www.rotarymodena.it\/index.php?rest_route=%2Fwp%2Fv2%2Fmedia&parent=4581"}],"wp:term":[{"taxonomy":"category","embeddable":true,"href":"https:\/\/www.rotarymodena.it\/index.php?rest_route=%2Fwp%2Fv2%2Fcategories&post=4581"},{"taxonomy":"post_tag","embeddable":true,"href":"https:\/\/www.rotarymodena.it\/index.php?rest_route=%2Fwp%2Fv2%2Ftags&post=4581"}],"curies":[{"name":"wp","href":"https:\/\/api.w.org\/{rel}","templated":true}]}}