{"id":4287,"date":"2015-12-01T08:00:50","date_gmt":"2015-12-01T07:00:50","guid":{"rendered":"http:\/\/rotaryclubmodena.it\/?p=4287"},"modified":"2016-02-01T16:24:12","modified_gmt":"2016-02-01T15:24:12","slug":"4287","status":"publish","type":"post","link":"https:\/\/www.rotarymodena.it\/?p=4287","title":{"rendered":"LETTERA DEL PRESIDENTE DICEMBRE 2015"},"content":{"rendered":"<p>Lettera del Presidente \u2013 dicembre 2015<\/p>\n<p>Cari Amici,<\/p>\n<p>il mese di dicembre \u00e8 il Mese che quest\u2019anno il Rotary dedica alla \u201cPrevenzione e cura delle malattie\u201d, ma senza ombra di dubbio \u00e8 il mese che per noi evoca, pi\u00f9 di ogni altra cosa, il Natale.<\/p>\n<p>Un Natale che purtroppo \u00e8 preannunciato, a livello mondiale, da segnali di odio e di violenza, mascherati da una motivazione pseudo religiosa, che ci lascia sgomenti e ci angoscia. Ma il vero motivo della nostra angoscia \u00e8, io credo, il veder messi in discussione, o meglio calpestati, quegli elementi fondamentali del vivere civile, come il rispetto per la persona, l\u2019eliminazione delle diseguaglianze, la tolleranza, la libert\u00e0 di pensiero, che oramai ritenevamo aver acquisito come conquista duratura e condivisa da tutta l\u2019umanit\u00e0.<\/p>\n<p>Di fronte a questi segnali, noi rotariani, come giustamente scrive il Governatore Pasini in una lettera a tutti i rotariani dopo i recenti fatti di Parigi, siamo chiamati a testimoniare ancora di pi\u00f9, in mezzo agli altri, i valori e gli ideali del Rotary, che da quelle conquiste traggono origine e linfa vitale.<\/p>\n<p>Il mese di novembre \u00e8 trascorso con la commemorazione dei defunti rotariani, con una serata dedicata al grande imprenditore modenese, nonch\u00e9 socio fondatore del nostro sodalizio, Adolfo Orsi, la cui figura \u00e8 stata tratteggiata con grande passione dal nostro socio Adolfo Orsi jr; \u00e8 poi proseguito con una serata dedicata alla Rotary Foundation, in cui Enrico Lupi ha presentato il bel service che il Club ha realizzato in favore di bambini di famiglie modenesi indigenti; e si \u00e8 concluso con l\u2019Assemblea ordinaria.<\/p>\n<p>In dicembre avremo modo di incontrarci e scambiarci reciprocamente gli Auguri il giorno 15, nella prestigiosa \u201cSala dell\u2019Archeologia\u201d del Museo Civico di Modena. Anche quest\u2019anno infatti, come gi\u00e0 quello scorso, abbiamo voluto legare questa serata particolare e di indubbio fascino ad un service realizzato dal nostro Club: nella fattispecie si tratta di un service operato in favore del Museo Civico, consistente nel restauro della statua del Tassoni in Piazza della Torre, nel restauro del ritratto di Alessandro Tassoni esposto in Palazzo Comunale, e nel restauro del bozzetto della statua del Tassoni conservato all\u2019Archivio Storico Comunale.<\/p>\n<p>Spero, in questa occasione, di potervi vedere numerosi, assieme ai vostri famigliari ed eventuali ospiti. Prima della chiusura dell\u2019anno solare avremo modo di incontrarci ancora una volta, il 22 dicembre, per un aperitivo di commiato dalla nostra sede storica della Secchia Rapita, che, come ampiamente preannunciato, chiuder\u00e0 i battenti il 31 dicembre.<\/p>\n<p>Giungano a voi e ai vostri cari i migliori Auguri di un sereno Natale.<\/p>\n<p>Eugenio<\/p>\n","protected":false},"excerpt":{"rendered":"<p>Lettera del Presidente \u2013 dicembre 2015 Cari Amici, il mese di dicembre \u00e8 il Mese che quest\u2019anno il Rotary dedica alla \u201cPrevenzione e cura delle malattie\u201d, ma senza ombra di dubbio \u00e8 il mese che per noi evoca, pi\u00f9 di ogni altra cosa, il Natale. Un Natale che purtroppo \u00e8 preannunciato, a livello mondiale, da [&hellip;]<\/p>\n","protected":false},"author":251,"featured_media":4213,"comment_status":"open","ping_status":"closed","sticky":false,"template":"","format":"standard","meta":{"_acf_changed":false,"footnotes":""},"categories":[33],"tags":[],"class_list":["post-4287","post","type-post","status-publish","format-standard","has-post-thumbnail","hentry","category-lettera-del-presidente","has_thumb"],"acf":[],"_links":{"self":[{"href":"https:\/\/www.rotarymodena.it\/index.php?rest_route=\/wp\/v2\/posts\/4287","targetHints":{"allow":["GET"]}}],"collection":[{"href":"https:\/\/www.rotarymodena.it\/index.php?rest_route=\/wp\/v2\/posts"}],"about":[{"href":"https:\/\/www.rotarymodena.it\/index.php?rest_route=\/wp\/v2\/types\/post"}],"author":[{"embeddable":true,"href":"https:\/\/www.rotarymodena.it\/index.php?rest_route=\/wp\/v2\/users\/251"}],"replies":[{"embeddable":true,"href":"https:\/\/www.rotarymodena.it\/index.php?rest_route=%2Fwp%2Fv2%2Fcomments&post=4287"}],"version-history":[{"count":2,"href":"https:\/\/www.rotarymodena.it\/index.php?rest_route=\/wp\/v2\/posts\/4287\/revisions"}],"predecessor-version":[{"id":4289,"href":"https:\/\/www.rotarymodena.it\/index.php?rest_route=\/wp\/v2\/posts\/4287\/revisions\/4289"}],"wp:featuredmedia":[{"embeddable":true,"href":"https:\/\/www.rotarymodena.it\/index.php?rest_route=\/wp\/v2\/media\/4213"}],"wp:attachment":[{"href":"https:\/\/www.rotarymodena.it\/index.php?rest_route=%2Fwp%2Fv2%2Fmedia&parent=4287"}],"wp:term":[{"taxonomy":"category","embeddable":true,"href":"https:\/\/www.rotarymodena.it\/index.php?rest_route=%2Fwp%2Fv2%2Fcategories&post=4287"},{"taxonomy":"post_tag","embeddable":true,"href":"https:\/\/www.rotarymodena.it\/index.php?rest_route=%2Fwp%2Fv2%2Ftags&post=4287"}],"curies":[{"name":"wp","href":"https:\/\/api.w.org\/{rel}","templated":true}]}}