{"id":4047,"date":"2015-09-10T07:54:49","date_gmt":"2015-09-10T06:54:49","guid":{"rendered":"http:\/\/rotaryclubmodena.it\/?p=4047"},"modified":"2015-09-10T08:04:14","modified_gmt":"2015-09-10T07:04:14","slug":"lettera-dal-pdg-alvise-farina-del-rc-verona","status":"publish","type":"post","link":"https:\/\/www.rotarymodena.it\/?p=4047","title":{"rendered":"Lettera dal PDG Alvise Farina del RC Verona"},"content":{"rendered":"<p>Riceviamo dal PDG Alvise Farina del RC Verona questa lettera con le 2 fotografie allegate, che costituiscono un inedito per il Club e che andranno senz\u2019altro ad arricchire il nostro archivio, assieme al volume sul Prof. Boschi.<\/p>\n<p>&nbsp;<\/p>\n<p>Alla cortese attenzione del presidente \u00a0Ing. Eugenio Boni<\/p>\n<p>&nbsp;<\/p>\n<p>Caro Presidente<\/p>\n<p>Non ho il piacere di conoscerti personalmente anche se mi sono giunti echi di quando eri segretario del distretto.<\/p>\n<p>Sono Alvise Farina del Rotary club Verona e mi permetto di mandarti queste due foto perch\u00e9 appartengono alla storia del tuo club.<\/p>\n<p>Ritraggono, al centro in piedi (fra i soci Forni e Caliceti) e, di seguito, seduto al tavolo di presidenza, il Prof. Gaetano Boschi che fu il primo presidente del club (1949-50 e 1950-51) e socio fondatore.<\/p>\n<p>La foto \u00e8 stata scattata durante un interclub nel 1949.<\/p>\n<p>Sono in possesso di tale documento in quanto Gaeteno Boschi era nonno di mia moglie Eleonora che sta raccogliendo tutti i documenti della sua corposa storia.<\/p>\n<p>Per inciso, il Prof. Boschi, ferrarese, \u00e8 stato anche rettore magnifico dell\u2019universit\u00e0 di Modena, insigne psichiatra, candidato al Premio Nobel.<\/p>\n<p>Recentemente \u00e8 stato pubblicato un libro su di lui (Gaetano Boschi, sviluppi della neuropsichiatri ad\u00ec guerra 1915-18, Editore Carocci) che, se di interesse, non avr\u00f2 difficolt\u00e0 a mandarti.<\/p>\n<p>Ho ritenuto di inviarti questa breve documentazione quale tassello della storia del R.C. Modena.<\/p>\n<p>Molti cordiali saluti e\u2026buon lavoro!<\/p>\n<p>Alvise Farina<\/p>\n<p>&nbsp;<\/p>\n<p><img loading=\"lazy\" decoding=\"async\" class=\"alignnone size-full wp-image-4052\" src=\"http:\/\/rotaryclubmodena.it\/wp-content\/uploads\/2015\/09\/letteraVerona011.jpg\" width=\"800\" height=\"680\" srcset=\"https:\/\/www.rotarymodena.it\/wp-content\/uploads\/2015\/09\/letteraVerona011.jpg 800w, https:\/\/www.rotarymodena.it\/wp-content\/uploads\/2015\/09\/letteraVerona011-150x127.jpg 150w, https:\/\/www.rotarymodena.it\/wp-content\/uploads\/2015\/09\/letteraVerona011-300x255.jpg 300w\" sizes=\"auto, (max-width: 800px) 100vw, 800px\" \/><\/p>\n<p>&nbsp;<\/p>\n<p><img loading=\"lazy\" decoding=\"async\" class=\"alignnone size-full wp-image-4051\" src=\"http:\/\/rotaryclubmodena.it\/wp-content\/uploads\/2015\/09\/Lettera_verona021.jpg\" width=\"800\" height=\"688\" srcset=\"https:\/\/www.rotarymodena.it\/wp-content\/uploads\/2015\/09\/Lettera_verona021.jpg 800w, https:\/\/www.rotarymodena.it\/wp-content\/uploads\/2015\/09\/Lettera_verona021-150x129.jpg 150w, https:\/\/www.rotarymodena.it\/wp-content\/uploads\/2015\/09\/Lettera_verona021-300x258.jpg 300w\" sizes=\"auto, (max-width: 800px) 100vw, 800px\" \/><\/p>\n<p>&nbsp;<\/p>\n","protected":false},"excerpt":{"rendered":"<p>Riceviamo dal PDG Alvise Farina del RC Verona questa lettera con le 2 fotografie allegate, che costituiscono un inedito per il Club e che andranno senz\u2019altro ad arricchire il nostro archivio, assieme al volume sul Prof. Boschi. &nbsp; Alla cortese attenzione del presidente \u00a0Ing. Eugenio Boni &nbsp; Caro Presidente Non ho il piacere di conoscerti [&hellip;]<\/p>\n","protected":false},"author":251,"featured_media":0,"comment_status":"open","ping_status":"closed","sticky":false,"template":"","format":"standard","meta":{"_acf_changed":false,"footnotes":""},"categories":[8,26],"tags":[],"class_list":["post-4047","post","type-post","status-publish","format-standard","hentry","category-news","category-news-dal-nostro-club"],"acf":[],"_links":{"self":[{"href":"https:\/\/www.rotarymodena.it\/index.php?rest_route=\/wp\/v2\/posts\/4047","targetHints":{"allow":["GET"]}}],"collection":[{"href":"https:\/\/www.rotarymodena.it\/index.php?rest_route=\/wp\/v2\/posts"}],"about":[{"href":"https:\/\/www.rotarymodena.it\/index.php?rest_route=\/wp\/v2\/types\/post"}],"author":[{"embeddable":true,"href":"https:\/\/www.rotarymodena.it\/index.php?rest_route=\/wp\/v2\/users\/251"}],"replies":[{"embeddable":true,"href":"https:\/\/www.rotarymodena.it\/index.php?rest_route=%2Fwp%2Fv2%2Fcomments&post=4047"}],"version-history":[{"count":7,"href":"https:\/\/www.rotarymodena.it\/index.php?rest_route=\/wp\/v2\/posts\/4047\/revisions"}],"predecessor-version":[{"id":4058,"href":"https:\/\/www.rotarymodena.it\/index.php?rest_route=\/wp\/v2\/posts\/4047\/revisions\/4058"}],"wp:attachment":[{"href":"https:\/\/www.rotarymodena.it\/index.php?rest_route=%2Fwp%2Fv2%2Fmedia&parent=4047"}],"wp:term":[{"taxonomy":"category","embeddable":true,"href":"https:\/\/www.rotarymodena.it\/index.php?rest_route=%2Fwp%2Fv2%2Fcategories&post=4047"},{"taxonomy":"post_tag","embeddable":true,"href":"https:\/\/www.rotarymodena.it\/index.php?rest_route=%2Fwp%2Fv2%2Ftags&post=4047"}],"curies":[{"name":"wp","href":"https:\/\/api.w.org\/{rel}","templated":true}]}}