{"id":3906,"date":"2015-06-25T10:15:50","date_gmt":"2015-06-25T09:15:50","guid":{"rendered":"http:\/\/rotaryclubmodena.it\/?p=3906"},"modified":"2015-06-25T10:27:47","modified_gmt":"2015-06-25T09:27:47","slug":"citta-dei-ragazzi-interclub-con-rotaract-club-modena","status":"publish","type":"post","link":"https:\/\/www.rotarymodena.it\/?p=3906","title":{"rendered":"Citt\u00e0 dei Ragazzi. Interclub con Rotaract Club Modena."},"content":{"rendered":"<p>La Citta&#8217; dei Ragazzi ha un museo fotografico.<\/p>\n<p>Grazie all&#8217;intervento del Rotary Club Modena e del Rotaract Club Modena \u00e8 stata allestita una sala dove sono raccolte alcune tra le immagini fotografiche della storia della societ\u00e0 modenese, oltre al restauro della stanza alloggio di Don Mario Rocchi. E&#8217; il service piu&#8217; importante dell&#8217;annata rotariana del Presidente Alberto Farinetti.<\/p>\n<p>Il progetto \u00e8 dell&#8217;architetto Gioia Bertocchi. Nei prossimi mesi uscir\u00e0 anche un libro dedicato alla storia della Citt\u00e0 dei Ragazzi edito da Artestampa. Alle cerimonia di inaugurazione ha partecipato il sindaco Muzzarelli con gli Assessori Cavazza (Vicesindaco) e Urbelli, e il Dirigente Scolastico Provinciale.<\/p>\n<p>Hanno preso la parola anche Don Stefano Violi, condirettore della Citt\u00e0 dei Ragazzi e Don Federico Pigoni, suo predecessore dal 2007.<\/p>\n<p>&nbsp;<\/p>\n\n\t\t<style type=\"text\/css\">\n\t\t\t#gallery-1 {\n\t\t\t\tmargin: auto;\n\t\t\t}\n\t\t\t#gallery-1 .gallery-item {\n\t\t\t\tfloat: left;\n\t\t\t\tmargin-top: 10px;\n\t\t\t\ttext-align: center;\n\t\t\t\twidth: 33%;\n\t\t\t}\n\t\t\t#gallery-1 img {\n\t\t\t\tborder: 2px solid #cfcfcf;\n\t\t\t}\n\t\t\t#gallery-1 .gallery-caption {\n\t\t\t\tmargin-left: 0;\n\t\t\t}\n\t\t\t\/* see gallery_shortcode() in wp-includes\/media.php *\/\n\t\t<\/style>\n\t\t<div id='gallery-1' class='gallery galleryid-3906 gallery-columns-3 gallery-size-thumbnail'><dl class='gallery-item'>\n\t\t\t<dt class='gallery-icon landscape'>\n\t\t\t\t<a href='https:\/\/www.rotarymodena.it\/wp-content\/uploads\/2015\/06\/IMG_2535.jpg'><img loading=\"lazy\" decoding=\"async\" width=\"150\" height=\"120\" src=\"https:\/\/www.rotarymodena.it\/wp-content\/uploads\/2015\/06\/IMG_2535-150x120.jpg\" class=\"attachment-thumbnail size-thumbnail\" alt=\"\" srcset=\"https:\/\/www.rotarymodena.it\/wp-content\/uploads\/2015\/06\/IMG_2535-150x120.jpg 150w, https:\/\/www.rotarymodena.it\/wp-content\/uploads\/2015\/06\/IMG_2535-300x240.jpg 300w, https:\/\/www.rotarymodena.it\/wp-content\/uploads\/2015\/06\/IMG_2535.jpg 720w\" sizes=\"auto, (max-width: 150px) 100vw, 150px\" \/><\/a>\n\t\t\t<\/dt><\/dl><dl class='gallery-item'>\n\t\t\t<dt class='gallery-icon landscape'>\n\t\t\t\t<a href='https:\/\/www.rotarymodena.it\/wp-content\/uploads\/2015\/06\/FullSizeRender.jpg'><img loading=\"lazy\" decoding=\"async\" width=\"150\" height=\"112\" src=\"https:\/\/www.rotarymodena.it\/wp-content\/uploads\/2015\/06\/FullSizeRender-150x112.jpg\" class=\"attachment-thumbnail size-thumbnail\" alt=\"\" srcset=\"https:\/\/www.rotarymodena.it\/wp-content\/uploads\/2015\/06\/FullSizeRender-150x112.jpg 150w, https:\/\/www.rotarymodena.it\/wp-content\/uploads\/2015\/06\/FullSizeRender-300x225.jpg 300w, https:\/\/www.rotarymodena.it\/wp-content\/uploads\/2015\/06\/FullSizeRender.jpg 640w\" sizes=\"auto, (max-width: 150px) 100vw, 150px\" \/><\/a>\n\t\t\t<\/dt><\/dl><dl class='gallery-item'>\n\t\t\t<dt class='gallery-icon landscape'>\n\t\t\t\t<a href='https:\/\/www.rotarymodena.it\/wp-content\/uploads\/2015\/06\/FullSizeRender-2.jpg'><img loading=\"lazy\" decoding=\"async\" width=\"150\" height=\"112\" src=\"https:\/\/www.rotarymodena.it\/wp-content\/uploads\/2015\/06\/FullSizeRender-2-150x112.jpg\" class=\"attachment-thumbnail size-thumbnail\" alt=\"\" srcset=\"https:\/\/www.rotarymodena.it\/wp-content\/uploads\/2015\/06\/FullSizeRender-2-150x112.jpg 150w, https:\/\/www.rotarymodena.it\/wp-content\/uploads\/2015\/06\/FullSizeRender-2-300x225.jpg 300w, https:\/\/www.rotarymodena.it\/wp-content\/uploads\/2015\/06\/FullSizeRender-2.jpg 640w\" sizes=\"auto, (max-width: 150px) 100vw, 150px\" \/><\/a>\n\t\t\t<\/dt><\/dl><br style=\"clear: both\" \/><dl class='gallery-item'>\n\t\t\t<dt class='gallery-icon landscape'>\n\t\t\t\t<a href='https:\/\/www.rotarymodena.it\/wp-content\/uploads\/2015\/06\/FullSizeRender-1.jpg'><img loading=\"lazy\" decoding=\"async\" width=\"150\" height=\"112\" src=\"https:\/\/www.rotarymodena.it\/wp-content\/uploads\/2015\/06\/FullSizeRender-1-150x112.jpg\" class=\"attachment-thumbnail size-thumbnail\" alt=\"\" srcset=\"https:\/\/www.rotarymodena.it\/wp-content\/uploads\/2015\/06\/FullSizeRender-1-150x112.jpg 150w, https:\/\/www.rotarymodena.it\/wp-content\/uploads\/2015\/06\/FullSizeRender-1-300x225.jpg 300w, https:\/\/www.rotarymodena.it\/wp-content\/uploads\/2015\/06\/FullSizeRender-1.jpg 640w\" sizes=\"auto, (max-width: 150px) 100vw, 150px\" \/><\/a>\n\t\t\t<\/dt><\/dl>\n\t\t\t<br style='clear: both' \/>\n\t\t<\/div>\n\n","protected":false},"excerpt":{"rendered":"<p>La Citta&#8217; dei Ragazzi ha un museo fotografico. Grazie all&#8217;intervento del Rotary Club Modena e del Rotaract Club Modena \u00e8 stata allestita una sala dove sono raccolte alcune tra le immagini fotografiche della storia della societ\u00e0 modenese, oltre al restauro della stanza alloggio di Don Mario Rocchi. E&#8217; il service piu&#8217; importante dell&#8217;annata rotariana del [&hellip;]<\/p>\n","protected":false},"author":251,"featured_media":0,"comment_status":"open","ping_status":"closed","sticky":false,"template":"","format":"standard","meta":{"_acf_changed":false,"footnotes":""},"categories":[8,26],"tags":[],"class_list":["post-3906","post","type-post","status-publish","format-standard","hentry","category-news","category-news-dal-nostro-club"],"acf":[],"_links":{"self":[{"href":"https:\/\/www.rotarymodena.it\/index.php?rest_route=\/wp\/v2\/posts\/3906","targetHints":{"allow":["GET"]}}],"collection":[{"href":"https:\/\/www.rotarymodena.it\/index.php?rest_route=\/wp\/v2\/posts"}],"about":[{"href":"https:\/\/www.rotarymodena.it\/index.php?rest_route=\/wp\/v2\/types\/post"}],"author":[{"embeddable":true,"href":"https:\/\/www.rotarymodena.it\/index.php?rest_route=\/wp\/v2\/users\/251"}],"replies":[{"embeddable":true,"href":"https:\/\/www.rotarymodena.it\/index.php?rest_route=%2Fwp%2Fv2%2Fcomments&post=3906"}],"version-history":[{"count":4,"href":"https:\/\/www.rotarymodena.it\/index.php?rest_route=\/wp\/v2\/posts\/3906\/revisions"}],"predecessor-version":[{"id":3914,"href":"https:\/\/www.rotarymodena.it\/index.php?rest_route=\/wp\/v2\/posts\/3906\/revisions\/3914"}],"wp:attachment":[{"href":"https:\/\/www.rotarymodena.it\/index.php?rest_route=%2Fwp%2Fv2%2Fmedia&parent=3906"}],"wp:term":[{"taxonomy":"category","embeddable":true,"href":"https:\/\/www.rotarymodena.it\/index.php?rest_route=%2Fwp%2Fv2%2Fcategories&post=3906"},{"taxonomy":"post_tag","embeddable":true,"href":"https:\/\/www.rotarymodena.it\/index.php?rest_route=%2Fwp%2Fv2%2Ftags&post=3906"}],"curies":[{"name":"wp","href":"https:\/\/api.w.org\/{rel}","templated":true}]}}