{"id":3333,"date":"2014-09-27T12:48:15","date_gmt":"2014-09-27T11:48:15","guid":{"rendered":"http:\/\/rotaryclubmodena.it\/?p=3333"},"modified":"2016-02-01T16:32:30","modified_gmt":"2016-02-01T15:32:30","slug":"lettera-del-presidente-ottobre-2014","status":"publish","type":"post","link":"https:\/\/www.rotarymodena.it\/?p=3333","title":{"rendered":"Lettera del presidente Ottobre 2014"},"content":{"rendered":"<p>Cari Soci,<\/p>\n<p><a href=\"http:\/\/rotaryclubmodena.it\/wp-content\/uploads\/2013\/12\/foto1.jpg\"><img loading=\"lazy\" decoding=\"async\" src=\"http:\/\/rotaryclubmodena.it\/wp-content\/uploads\/2013\/12\/foto1-200x300.jpg\" alt=\"\" width=\"200\" height=\"300\" class=\"alignright size-medium wp-image-3098\" srcset=\"https:\/\/www.rotarymodena.it\/wp-content\/uploads\/2013\/12\/foto1-200x300.jpg 200w, https:\/\/www.rotarymodena.it\/wp-content\/uploads\/2013\/12\/foto1-100x150.jpg 100w, https:\/\/www.rotarymodena.it\/wp-content\/uploads\/2013\/12\/foto1-682x1024.jpg 682w, https:\/\/www.rotarymodena.it\/wp-content\/uploads\/2013\/12\/foto1.jpg 1872w\" sizes=\"auto, (max-width: 200px) 100vw, 200px\" \/><\/a>continuiamo\u00a0anche con ottobre\u00a0l\u2019incontro\u00a0del primo marted\u00ec presso la Societ\u00e0 del Sandrone, cui seguir\u00e0 la riunione del Consiglio Direttivo (il cui precedente ordine del giorno \u00e8 leggibile sul sito del Club) e le riunioni delle Commissioni, indispensabili per stilare una relazione da inviare al Governatore prima della sua visita\u00a0(il 21 ottobre).\u00a0Il 7 ottobre sar\u00e0\u00a0inoltre\u00a0l\u2019occasione \u2013 essendo riunione per soli Soci- per illustrarVi i principi ispiratori di questa annata e le finalit\u00e0 che perseguir\u00e0 il Club: il Consiglio Direttivo ha deliberato alcune importanti decisioni e mi far\u00e0 piacere condividerle, sperando\u00a0di trovare il massimo consenso, cos\u00ec come inviter\u00f2 i Presidenti di Commissione ad intervenire per una breve presentazione delle loro attivit\u00e0.<\/p>\n<p>Appuntamento immancabile e fondamentale\u00a0sar\u00e0\u00a0quello con il Governatore, che\u00a0incontrer\u00e0\u00a0il\u00a0nostro\u00a0Rotary Club Modena,\u00a0ne\u00a0valuter\u00e0\u00a0le attivit\u00e0 e\u00a0lo vedr\u00e0\u00a0nella sua forma pi\u00f9 smagliante. Il Consiglio Direttivo sta operando da tempo per questo fine e per quanto riguarda tutti gli aspetti sostanziali; i Soci, tutti, con le gentili signore (non sono ammessi ospiti esterni), dovranno \u00a0dare un segnale forte di dimostrazione di spirito di appartenenza con la\u00a0loro attiva\u00a0presenza: \u00e8 quanto chiedo a tutto il Club, per questa serata\u00a0in particolare, ma anche per le successive!<\/p>\n<p>Ottobre \u00e8 il mese dell\u2019azione professionale: sollecito le Commissione del nostro Club ad adoperarsi per incrementare i progetti, \u201cvecchi\u201d o nuovi che siano. Il 16, 17 e 18 il Rotary sar\u00e0 tra i protagonisti della \u201csettimana\u00a0VIVA\u00a02014\u00a0\u201d, iniziativa per la quale la IRC (Italian Resuscitation Council) ha scelto Modena come citt\u00e0 campione sul territorio nazionale\u00a0in riconoscimento dell\u2019attivit\u00e0 svolta e di cui siamo, insieme con i Rotary del Gruppo Ghirlandina, lo sponsor principale\u00a0avendo gi\u00e0 donato ormai unasessantina di defibrillatori alla popolazione e, aspetto ancora pi\u00f9 importante,\u00a0avendo contribuito alla formazione del personale\u00a0laico\u00a0destinatario degli apparecchi\u00a0all\u2019utilizzo consapevole dello strumento salvavita.<\/p>\n<p>Accompagner\u00f2 poi i Soci di pi\u00f9 recente affiliazione all\u2019incontro distrettuale \u2013non possiamo mancare- per la necessaria formazione, a Riolo Terme. Per quanto riguarda gli altri appuntamenti del mese Vi invito a visitare regolarmente il sito, in via di costante aggiornamento, e che riporta notizie di comune interesse. L\u2019invito che rivolgo a tutti,\u00a0consapevole di essereripetitivo, \u00e8 quello di partecipare.\u00a0Grazie<\/p>\n<p>Un caro saluto\u00a0\u00a0 \u00a0 \u00a0 \u00a0\u00a0\u00a0 \u00a0 \u00a0 \u00a0 \u00a0 \u00a0 \u00a0 \u00a0 \u00a0 \u00a0 \u00a0 \u00a0 \u00a0\u00a0\u00a0 \u00a0 \u00a0 \u00a0 \u00a0 \u00a0 \u00a0 \u00a0 \u00a0 \u00a0 \u00a0 \u00a0 \u00a0 \u00a0 \u00a0 \u00a0 \u00a0 \u00a0 \u00a0 \u00a0 \u00a0 \u00a0 \u00a0\u00a0Alberto Farinetti<\/p>\n<p>&nbsp;<\/p>\n","protected":false},"excerpt":{"rendered":"<p>Cari Soci, continuiamo\u00a0anche con ottobre\u00a0l\u2019incontro\u00a0del primo marted\u00ec presso la Societ\u00e0 del Sandrone, cui seguir\u00e0 la riunione del Consiglio Direttivo (il cui precedente ordine del giorno \u00e8 leggibile sul sito del Club) e le riunioni delle Commissioni, indispensabili per stilare una relazione da inviare al Governatore prima della sua visita\u00a0(il 21 ottobre).\u00a0Il 7 ottobre sar\u00e0\u00a0inoltre\u00a0l\u2019occasione \u2013 [&hellip;]<\/p>\n","protected":false},"author":180,"featured_media":0,"comment_status":"open","ping_status":"closed","sticky":false,"template":"","format":"standard","meta":{"_acf_changed":false,"footnotes":""},"categories":[33],"tags":[],"class_list":["post-3333","post","type-post","status-publish","format-standard","hentry","category-lettera-del-presidente"],"acf":[],"_links":{"self":[{"href":"https:\/\/www.rotarymodena.it\/index.php?rest_route=\/wp\/v2\/posts\/3333","targetHints":{"allow":["GET"]}}],"collection":[{"href":"https:\/\/www.rotarymodena.it\/index.php?rest_route=\/wp\/v2\/posts"}],"about":[{"href":"https:\/\/www.rotarymodena.it\/index.php?rest_route=\/wp\/v2\/types\/post"}],"author":[{"embeddable":true,"href":"https:\/\/www.rotarymodena.it\/index.php?rest_route=\/wp\/v2\/users\/180"}],"replies":[{"embeddable":true,"href":"https:\/\/www.rotarymodena.it\/index.php?rest_route=%2Fwp%2Fv2%2Fcomments&post=3333"}],"version-history":[{"count":4,"href":"https:\/\/www.rotarymodena.it\/index.php?rest_route=\/wp\/v2\/posts\/3333\/revisions"}],"predecessor-version":[{"id":3337,"href":"https:\/\/www.rotarymodena.it\/index.php?rest_route=\/wp\/v2\/posts\/3333\/revisions\/3337"}],"wp:attachment":[{"href":"https:\/\/www.rotarymodena.it\/index.php?rest_route=%2Fwp%2Fv2%2Fmedia&parent=3333"}],"wp:term":[{"taxonomy":"category","embeddable":true,"href":"https:\/\/www.rotarymodena.it\/index.php?rest_route=%2Fwp%2Fv2%2Fcategories&post=3333"},{"taxonomy":"post_tag","embeddable":true,"href":"https:\/\/www.rotarymodena.it\/index.php?rest_route=%2Fwp%2Fv2%2Ftags&post=3333"}],"curies":[{"name":"wp","href":"https:\/\/api.w.org\/{rel}","templated":true}]}}