{"id":3229,"date":"2014-08-25T15:16:08","date_gmt":"2014-08-25T14:16:08","guid":{"rendered":"http:\/\/rotaryclubmodena.it\/?p=3229"},"modified":"2016-02-01T16:33:21","modified_gmt":"2016-02-01T15:33:21","slug":"lettera-del-presidente-settembre-2014","status":"publish","type":"post","link":"https:\/\/www.rotarymodena.it\/?p=3229","title":{"rendered":"LETTERA DEL PRESIDENTE &#8211; SETTEMBRE 2014"},"content":{"rendered":"<p>Cari Soci,<\/p>\n<div id=\"attachment_3077\" style=\"width: 210px\" class=\"wp-caption alignright\"><img loading=\"lazy\" decoding=\"async\" aria-describedby=\"caption-attachment-3077\" class=\"size-medium wp-image-3077\" alt=\"Presidente Rotary Club Modena 2014-2015\" src=\"http:\/\/rotaryclubmodena.it\/wp-content\/uploads\/2014\/06\/foto1-200x300.jpg\" width=\"200\" height=\"300\" srcset=\"https:\/\/www.rotarymodena.it\/wp-content\/uploads\/2014\/06\/foto1-200x300.jpg 200w, https:\/\/www.rotarymodena.it\/wp-content\/uploads\/2014\/06\/foto1-100x150.jpg 100w, https:\/\/www.rotarymodena.it\/wp-content\/uploads\/2014\/06\/foto1-682x1024.jpg 682w, https:\/\/www.rotarymodena.it\/wp-content\/uploads\/2014\/06\/foto1.jpg 1872w\" sizes=\"auto, (max-width: 200px) 100vw, 200px\" \/><p id=\"caption-attachment-3077\" class=\"wp-caption-text\">Alberto Farinetti &#8211; Presidente Rotary Club Modena 2014-2015<\/p><\/div>\n<p>il 2 settembre il nostro Club apre le attivit\u00e0 con il primo incontro presso la Societ\u00e0 del Sandrone, gentilmente messaci a disposizione, il primo marted\u00ec del mese, dal Presidente Giancarlo Iattici: la sede \u00e8 prestigiosa, accogliente, in grado di favorire al meglio la convivialit\u00e0 e auspico perci\u00f2 che l\u2019iniziativa possa essere di gradimento per tutti. Ricordo l\u2019appuntamento per questo mese in particolare ai Presidenti di Commissione e ai rispettivi componenti, s\u00ec da concertare insieme i programmi dell\u2019annata.<\/p>\n<p>E\u2019 il mese rotariano delle \u201cattivit\u00e0 giovanili\u201d. E\u2019 tradizione destinare almeno un appuntamento al tema mensile e cos\u00ec avremo il piacere di ospitare sia il Provveditore agli Studi della Provincia di Modena il 9 settembre, che ci aggiorner\u00e0 sulla attuale situazione modenese relativa all\u2019istruzione dei nostri ragazzi sia l\u2019interclub con il Rotaract Club Modena il 16 settembre, di cui siamo padrini da ben 45 anni.<\/p>\n<p>Insieme con i Rotary Club del Gruppo Ghirlandina si realizzer\u00e0 per il secondo anno, grazie alla partnership con FestivalFilosofia, la \u201cLectio Rotary\u201d in piazza Grande, alla serata inaugurale, il 12 settembre; sar\u00e0 un\u2019occasione per il Rotary di presentarsi nuovamente alla cittadinanza nella veste di \u201cdonatore\u201d di un service culturale i cui contenuti si fondano naturalmente sui principi rotariani.<\/p>\n<p>Sabato 20 settembre, al Palazzo dei Congressi di Rimini il Distretto 2072 ha organizzato il convegno IDIR (Istituto di Informazione Rotariana) e SEFR (SEminario Fondazione Rotary), il cui programma centrale \u00e8 dedicato proprio ai Giovani. Vi invito a partecipare.<\/p>\n<p>Il 23 settembre sar\u00e0 relatore l\u2019Assistente Governatore, nella sua veste professionale, che ci parler\u00e0 della sicurezza aerea.<br \/>\nAd eccezione del 2 settembre tutti gli altri incontri sono aperti a coniugi ed ospiti: invito caldamente a prendere in considerazione l\u2019opportunit\u00e0 di partecipare alle riunioni in compagnia anche di amici non soci e soprattutto con le gentili consorti: il Rotary ha bisogno di essere partecipato, sostenuto ed arricchito! Grazie<\/p>\n<p>Un caro saluto<br \/>\n<em><\/em><\/p>\n<p><em>Alberto Farinetti<\/em><\/p>\n<div style=\"position: absolute; z-index: 9999; font-size: 1em; top: 300px; left: 909px;\">\n<div style=\"max-width: 300px !important; color: #eee !important; border-color: #111 !important; border-width: 0px !important; -webkit-border-radius: 5px !important; background-color: rgba(17,17,17,0.9) !important; font-size: 16px !important; padding: 8px !important; overflow: visible !important; z-index: 999999 !important; text-align: left  !important; box-shadow: #666 2px 2px 2px !important;\">\n<div class=\"lang\" style=\"float: right; font-size: 80%; color: inherit; border: none; background: none;\">en \u2192 it<\/div>\n<div class=\"translation\" style=\"color: inherit; border: none; background: none;\">Presidente<\/div>\n<div class=\"additional\" style=\"color: inherit; border: none; background: none;\"><\/div>\n<\/div>\n<\/div>\n","protected":false},"excerpt":{"rendered":"<p>Cari Soci, il 2 settembre il nostro Club apre le attivit\u00e0 con il primo incontro presso la Societ\u00e0 del Sandrone, gentilmente messaci a disposizione, il primo marted\u00ec del mese, dal Presidente Giancarlo Iattici: la sede \u00e8 prestigiosa, accogliente, in grado di favorire al meglio la convivialit\u00e0 e auspico perci\u00f2 che l\u2019iniziativa possa essere di gradimento [&hellip;]<\/p>\n","protected":false},"author":180,"featured_media":0,"comment_status":"open","ping_status":"closed","sticky":false,"template":"","format":"standard","meta":{"_acf_changed":false,"footnotes":""},"categories":[33,10],"tags":[],"class_list":["post-3229","post","type-post","status-publish","format-standard","hentry","category-lettera-del-presidente","category-le-conviviali"],"acf":[],"_links":{"self":[{"href":"https:\/\/www.rotarymodena.it\/index.php?rest_route=\/wp\/v2\/posts\/3229","targetHints":{"allow":["GET"]}}],"collection":[{"href":"https:\/\/www.rotarymodena.it\/index.php?rest_route=\/wp\/v2\/posts"}],"about":[{"href":"https:\/\/www.rotarymodena.it\/index.php?rest_route=\/wp\/v2\/types\/post"}],"author":[{"embeddable":true,"href":"https:\/\/www.rotarymodena.it\/index.php?rest_route=\/wp\/v2\/users\/180"}],"replies":[{"embeddable":true,"href":"https:\/\/www.rotarymodena.it\/index.php?rest_route=%2Fwp%2Fv2%2Fcomments&post=3229"}],"version-history":[{"count":2,"href":"https:\/\/www.rotarymodena.it\/index.php?rest_route=\/wp\/v2\/posts\/3229\/revisions"}],"predecessor-version":[{"id":3232,"href":"https:\/\/www.rotarymodena.it\/index.php?rest_route=\/wp\/v2\/posts\/3229\/revisions\/3232"}],"wp:attachment":[{"href":"https:\/\/www.rotarymodena.it\/index.php?rest_route=%2Fwp%2Fv2%2Fmedia&parent=3229"}],"wp:term":[{"taxonomy":"category","embeddable":true,"href":"https:\/\/www.rotarymodena.it\/index.php?rest_route=%2Fwp%2Fv2%2Fcategories&post=3229"},{"taxonomy":"post_tag","embeddable":true,"href":"https:\/\/www.rotarymodena.it\/index.php?rest_route=%2Fwp%2Fv2%2Ftags&post=3229"}],"curies":[{"name":"wp","href":"https:\/\/api.w.org\/{rel}","templated":true}]}}