{"id":3227,"date":"2014-08-08T10:35:10","date_gmt":"2014-08-08T09:35:10","guid":{"rendered":"http:\/\/rotaryclubmodena.it\/?p=3227"},"modified":"2014-08-08T10:35:10","modified_gmt":"2014-08-08T09:35:10","slug":"lettera-del-governatore-fernando-del-sante-agosto-2014","status":"publish","type":"post","link":"https:\/\/www.rotarymodena.it\/?p=3227","title":{"rendered":"Lettera del Governatore Fernando Del Sante &#8211; AGOSTO 2014"},"content":{"rendered":"<p>AGOSTO mese dell\u2019espansione e dell\u2019effettivo.<\/p>\n<p>Carissime Rotariane e Carissimi Rotariani,<\/p>\n<p>la circostanza che il mese di agosto sia dedicato dal Rotary al tema dell\u2019espansione e dell\u2019effettivo, mese tradizionalmente destinato, nel nostro Paese, almeno parzialmente al riposo e alle vacanze, ci consente di poter riflettere su quali azioni siano da intraprendere per raggiungere insieme l\u2019obiettivo della crescita del 3% dell\u2019effettivo del Distretto 2072.<\/p>\n<p>Ci consente, quindi, di valutare se, concretamente, come rotariani stiamo facendo tutto il possibile per far s\u00ec che quanto stabilito nel manuale di procedura, e cio\u00e8 che \u00a0\u201cI Club devono espandere il proprio effettivo mantenendo vivo l\u2019interesse dei loro \u00a0Soci nel Club e cercando di attirare nuovi Soci\u201d, sia messo in pratica, con \u00a0convinzione e determinazione.<\/p>\n<p>Credo che tale esame riguardi ciascuno di noi, che, per il ruolo, che riveste, \u00a0Dirigente o Socio, trarr\u00e0 le proprie conclusioni.<\/p>\n<p>Certo \u00e8 che l\u2019impegno che dobbiamo profondere per far conoscere il Rotary, per \u00a0quello che concretamente i Club nella Comunit\u00e0 e nel Mondo fanno a favore della Comunit\u00e0, sia il primo vero strumento da utilizzare per l\u2019espansione e il \u00a0consolidamento dell\u2019effettivo.<\/p>\n<p>Solo cos\u00ec altre \u201cBelle Persone\u201d ricche di qualit\u00e0 rotariane si avvicineranno al \u00a0Rotary, con fiducia e con interesse.<\/p>\n<p>Non troviamo scuse, insieme impegnamoci per costruire il \u201cRotary dell\u2019Oggi\u201d, \u00a0flessibile, dinamico, attento alle esigenze dei Soci, di tutti i Soci, e della Comunit\u00e0, \u00a0aperti, con il cuore e con la mente, alle Nuove generazioni con cui il Rotary deve \u00a0operare \u201cinsieme\u201d per raggiungere obiettivi condivisi.<\/p>\n<p>Seguendo l\u2019indicazione di Cynthia Meehan, CAE Director, Membership \u00a0Development, Vi consiglio di registrarVi e seguire il WEBINAR del 13 agosto \u00a0&lt;&lt;Membership: It\u2019s Now or Never&gt;&gt; primo della serie Membership Matters che \u00a0sar\u00e0 fonte di suggerimenti utili per promuovere l\u2019espansione e l\u2019effettivo.\u00a0La straordinaria operosit\u00e0 dei Club, che agiscono, con continuit\u00e0, per mettere in \u00a0pratica i principi rotariani deve essere fatta conoscere all\u2019intera Comunit\u00e0, motivo di nostro scatto d\u2019orgoglio.<\/p>\n<p>Il nostro cambio di passo deve essere soprattutto relativo al fare, fare bene e far \u00a0sapere.\u00a0Solo cos\u00ec potremo dare risposta positiva alla questione dell\u2019effettivo.\u00a0Solo cos\u00ec avremo la possibilit\u00e0 di cooptare Nuovi Soci di qualit\u00e0 rotariana, numerosi \u00a0ed entusiasti.<\/p>\n<p>In occasione delle Visite ai Club mi aspetto di conoscere gli obiettivi fissati e, eventualmente, gi\u00e0 raggiunti e le azioni compiute e da compiere, entro il nostro \u00a0anno rotariano, per segnare un goal importante in questa partita decisiva, cos\u00ec che \u00a0io possa portarne testimonianza come esempio.\u00a0Anche di questi argomenti parleremo all\u2019IDIR-SEFR il 20 settembre prossimo a \u00a0Rimini.<\/p>\n<p>Carissime Rotariane e Carissimi Rotariani, auguro a Voi e alle Vostre famiglie e \u00a0alle persone che Vi sono care, un periodo di vacanze sereno.<\/p>\n<p>Un abbraccio.<br \/>\nFerdinando<\/p>\n","protected":false},"excerpt":{"rendered":"<p>AGOSTO mese dell\u2019espansione e dell\u2019effettivo. Carissime Rotariane e Carissimi Rotariani, la circostanza che il mese di agosto sia dedicato dal Rotary al tema dell\u2019espansione e dell\u2019effettivo, mese tradizionalmente destinato, nel nostro Paese, almeno parzialmente al riposo e alle vacanze, ci consente di poter riflettere su quali azioni siano da intraprendere per raggiungere insieme l\u2019obiettivo della [&hellip;]<\/p>\n","protected":false},"author":180,"featured_media":0,"comment_status":"open","ping_status":"closed","sticky":false,"template":"","format":"standard","meta":{"_acf_changed":false,"footnotes":""},"categories":[8],"tags":[],"class_list":["post-3227","post","type-post","status-publish","format-standard","hentry","category-news"],"acf":[],"_links":{"self":[{"href":"https:\/\/www.rotarymodena.it\/index.php?rest_route=\/wp\/v2\/posts\/3227","targetHints":{"allow":["GET"]}}],"collection":[{"href":"https:\/\/www.rotarymodena.it\/index.php?rest_route=\/wp\/v2\/posts"}],"about":[{"href":"https:\/\/www.rotarymodena.it\/index.php?rest_route=\/wp\/v2\/types\/post"}],"author":[{"embeddable":true,"href":"https:\/\/www.rotarymodena.it\/index.php?rest_route=\/wp\/v2\/users\/180"}],"replies":[{"embeddable":true,"href":"https:\/\/www.rotarymodena.it\/index.php?rest_route=%2Fwp%2Fv2%2Fcomments&post=3227"}],"version-history":[{"count":1,"href":"https:\/\/www.rotarymodena.it\/index.php?rest_route=\/wp\/v2\/posts\/3227\/revisions"}],"predecessor-version":[{"id":3228,"href":"https:\/\/www.rotarymodena.it\/index.php?rest_route=\/wp\/v2\/posts\/3227\/revisions\/3228"}],"wp:attachment":[{"href":"https:\/\/www.rotarymodena.it\/index.php?rest_route=%2Fwp%2Fv2%2Fmedia&parent=3227"}],"wp:term":[{"taxonomy":"category","embeddable":true,"href":"https:\/\/www.rotarymodena.it\/index.php?rest_route=%2Fwp%2Fv2%2Fcategories&post=3227"},{"taxonomy":"post_tag","embeddable":true,"href":"https:\/\/www.rotarymodena.it\/index.php?rest_route=%2Fwp%2Fv2%2Ftags&post=3227"}],"curies":[{"name":"wp","href":"https:\/\/api.w.org\/{rel}","templated":true}]}}