{"id":3171,"date":"2014-07-01T08:57:44","date_gmt":"2014-07-01T07:57:44","guid":{"rendered":"http:\/\/rotaryclubmodena.it\/?p=3171"},"modified":"2016-02-01T16:33:36","modified_gmt":"2016-02-01T15:33:36","slug":"lettera-del-presidente-luglio-2014","status":"publish","type":"post","link":"https:\/\/www.rotarymodena.it\/?p=3171","title":{"rendered":"LETTERA DEL PRESIDENTE &#8211; LUGLIO 2014"},"content":{"rendered":"<p><span style=\"font-size: 16px;\"><em>Caro Socio,<\/em><\/span><\/p>\n<p><a href=\"http:\/\/rotaryclubmodena.it\/wp-content\/uploads\/2013\/12\/foto1.jpg\"><br \/>\n<\/a>Ha inizio, con il 1\u00b0 luglio 2014, il 65\u00b0 anno di vita del Rotary Club di Modena, e mi trovo a ricoprire il ruolo di 60\u00b0 Presidente del Club (nei primi dieci anni la carica \u00e8 stata biennale).<\/p>\n<p>Pur cercando di frequentare sempre attivamente, ultimamente ho tentato di partecipare agli incontri con maggiori attenzioni per cogliere quegli aspetti della vita associativa non sempre condivisi che porterebbero nel tempo ad un calo dell\u2019affiatamento, aspetto che riguarda in generale associazioni come la Nostra, che peraltro non ne \u00e8 in effetti esente.<\/p>\n<p><a href=\"http:\/\/rotaryclubmodena.it\/wp-content\/uploads\/2013\/12\/foto1.jpg\"><img loading=\"lazy\" decoding=\"async\" class=\"alignleft\" alt=\"\" src=\"http:\/\/rotaryclubmodena.it\/wp-content\/uploads\/2013\/12\/foto1-200x300.jpg\" width=\"200\" height=\"300\" \/><\/a>Nel rispetto della tradizione del Rotary Club Modena e di quelle Rotariane il Consiglio Direttivo ed io riteniamo che qualche piccola modifica nella conduzione del Club possa comunque essere attuata: questo sar\u00e0 il tema del primo appuntamento dell\u2019anno sociale, marted\u00ec 1\u00b0 luglio, in cui verr\u00e0 presentato l\u2019organigramma del Club per il 2014-2015 e a grandi linee il programma dell\u2019anno: serata durante la quale vorrei che insieme, numerosi, trattassimo argomenti rotariani con particolare riferimento alla vita del nostro Club. Vi aspetto, auspicando che emerga un forte spirito di serena partecipazione.<\/p>\n<p>Nostro desiderio \u00e8 rinvigorire e rinsaldare l\u2019Amicizia nel Club con la frequentazione, proponendoci di favorire le condizioni per presenze pi\u00f9 attive, sentite, condivise e soprattutto cordiali: il Club ha bisogno di tutti i Soci per realizzare service, progetti, iniziative di ogni tipo.<\/p>\n<p>Il Consiglio Direttivo avr\u00e0 bisogno di suggerimenti e proposte, consensi e critiche, purch\u00e8 sincere, costruttive ma soprattutto dirette. Da parte del Consiglio Direttivo ci sar\u00e0 volont\u00e0 di trasparenza e di collaborazione.<\/p>\n<p>Tanto \u00e8 stato realizzato dai nostri predecessori; un patrimonio che va mantenuto e possibilmente incrementato con i mezzi che insieme riterremo pi\u00f9 idonei: questi sono i presupposti che spero, condivisi, siano realizzati.<\/p>\n<p>In tutto il mondo rotariano il mese di luglio \u00e8 destinato all\u2019\u201dinformazione rotariana\u201d: proveremo ad iniziare un nuovo service (l\u2019\u201dinformazione\u201d appunto) che proseguir\u00e0 nel corso dell\u2019annata, cercando di realizzare una comunicazione efficace.<\/p>\n<p>Grazie e buona annata rotariana.<\/p>\n<p style=\"text-align: right;\"><span style=\"font-size: 16px;\"><em>Alberto Farinetti<\/em><\/span><\/p>\n","protected":false},"excerpt":{"rendered":"<p>Caro Socio, Ha inizio, con il 1\u00b0 luglio 2014, il 65\u00b0 anno di vita del Rotary Club di Modena, e mi trovo a ricoprire il ruolo di 60\u00b0 Presidente del Club (nei primi dieci anni la carica \u00e8 stata biennale). Pur cercando di frequentare sempre attivamente, ultimamente ho tentato di partecipare agli incontri con maggiori [&hellip;]<\/p>\n","protected":false},"author":180,"featured_media":0,"comment_status":"open","ping_status":"closed","sticky":false,"template":"","format":"standard","meta":{"_acf_changed":false,"footnotes":""},"categories":[33],"tags":[],"class_list":["post-3171","post","type-post","status-publish","format-standard","hentry","category-lettera-del-presidente"],"acf":[],"_links":{"self":[{"href":"https:\/\/www.rotarymodena.it\/index.php?rest_route=\/wp\/v2\/posts\/3171","targetHints":{"allow":["GET"]}}],"collection":[{"href":"https:\/\/www.rotarymodena.it\/index.php?rest_route=\/wp\/v2\/posts"}],"about":[{"href":"https:\/\/www.rotarymodena.it\/index.php?rest_route=\/wp\/v2\/types\/post"}],"author":[{"embeddable":true,"href":"https:\/\/www.rotarymodena.it\/index.php?rest_route=\/wp\/v2\/users\/180"}],"replies":[{"embeddable":true,"href":"https:\/\/www.rotarymodena.it\/index.php?rest_route=%2Fwp%2Fv2%2Fcomments&post=3171"}],"version-history":[{"count":4,"href":"https:\/\/www.rotarymodena.it\/index.php?rest_route=\/wp\/v2\/posts\/3171\/revisions"}],"predecessor-version":[{"id":3175,"href":"https:\/\/www.rotarymodena.it\/index.php?rest_route=\/wp\/v2\/posts\/3171\/revisions\/3175"}],"wp:attachment":[{"href":"https:\/\/www.rotarymodena.it\/index.php?rest_route=%2Fwp%2Fv2%2Fmedia&parent=3171"}],"wp:term":[{"taxonomy":"category","embeddable":true,"href":"https:\/\/www.rotarymodena.it\/index.php?rest_route=%2Fwp%2Fv2%2Fcategories&post=3171"},{"taxonomy":"post_tag","embeddable":true,"href":"https:\/\/www.rotarymodena.it\/index.php?rest_route=%2Fwp%2Fv2%2Ftags&post=3171"}],"curies":[{"name":"wp","href":"https:\/\/api.w.org\/{rel}","templated":true}]}}