{"id":2883,"date":"2014-03-20T17:34:37","date_gmt":"2014-03-20T16:34:37","guid":{"rendered":"http:\/\/rotaryclubmodena.it\/?p=2883"},"modified":"2014-04-02T07:55:06","modified_gmt":"2014-04-02T06:55:06","slug":"la-serata-del-18-marzo-2014","status":"publish","type":"post","link":"https:\/\/www.rotarymodena.it\/?p=2883","title":{"rendered":"La serata del 18 marzo 2014"},"content":{"rendered":"<p style=\"text-align: justify;\"><a href=\"http:\/\/rotaryclubmodena.it\/?attachment_id=2884\" rel=\"attachment wp-att-2884\"><img loading=\"lazy\" decoding=\"async\" class=\"alignleft  wp-image-2884\" style=\"margin: 0px 20px;\" alt=\"GIOIA\" src=\"http:\/\/rotaryclubmodena.it\/wp-content\/uploads\/2014\/03\/GIOIA-199x300.jpg\" width=\"119\" height=\"180\" srcset=\"https:\/\/www.rotarymodena.it\/wp-content\/uploads\/2014\/03\/GIOIA-199x300.jpg 199w, https:\/\/www.rotarymodena.it\/wp-content\/uploads\/2014\/03\/GIOIA-99x150.jpg 99w, https:\/\/www.rotarymodena.it\/wp-content\/uploads\/2014\/03\/GIOIA.jpg 355w\" sizes=\"auto, (max-width: 119px) 100vw, 119px\" \/><\/a><span style=\"font-family: georgia, palatino;\">La conviviale dello scorso 18 marzo, \u00e8 stata dedicata alla presentazione da parte di Gioia Bertocchi e Michael Ieran\u00f2 del loro volume dedicato alle piazze di Modena, avente per titolo &#8220;Le Piazze di Modena, passato , presente e futuro&#8221;, edito dalla casa editrice &#8220;Il Fiorino&#8221;. Era presente alla serata anche \u00a0l&#8217;editore Giorgio Guerzoni, accompagnato dalla gentile signora. La serata si \u00e8 aperta come al solito con alcune comunicazioni di servizio del presente Righi. Conclusa la cena, il presidente Righi ci legge i brevi curricula dei due relatori, quindi passa la parola a Gioia Bertocchi, che ci descrive quali sono stati i presupposti che hanno portato alla stesura del volume: si tratta di una ricerca condotta da Michael Ieran\u00f2, che durante il suo percorso universitario presso l&#8217;Universit\u00e0 di Modena e Reggio Emilia ha svolto un lavoro di tesi sulle Piazze di Modena, che \u00e8 diventato il punto di partenza del libro. La collaborazione con Gioia Bertocchi scaturisce dal suo contributo come consulente con l&#8217;Associazione Dimore Storiche Italiane, di cui Gioia Bertocchi \u00e8 Delegata di Modena.<\/span><\/p>\n<p style=\"text-align: justify;\"><span style=\"font-family: georgia, palatino;\">Successivamente ha preso la parola il Dottor Ieran\u00f2, che avvalendosi anche del supporto di molte diapositive, ci ha illustrato alcune delle principali curiosit\u00e0 riportate nel libro.<\/span><\/p>\n<p style=\"text-align: justify;\"><span style=\"font-family: georgia, palatino;\">La serata ha visto una partecipazione piuttosto nutrita; alla fine della presentazione gli autori si sono prestati a rispondere alle numerose domande del pubblico.<\/span><\/p>\n<p style=\"text-align: justify;\"><span style=\"font-family: georgia, palatino;\">A conclusione della serata, il presidente Righi ha consegnato ai relatori un piccolo omaggio a ricordo dell&#8217;evento e l&#8217;immancabile guidoncino del nostro club.<\/span><\/p>\n<p>[wppa type=&#8221;cover&#8221; album=&#8221;13&#8243; align=&#8221;center&#8221;][\/wppa]<\/p>\n","protected":false},"excerpt":{"rendered":"<p>La conviviale dello scorso 18 marzo, \u00e8 stata dedicata alla presentazione da parte di Gioia Bertocchi e Michael Ieran\u00f2 del loro volume dedicato alle piazze di Modena, avente per titolo &#8220;Le Piazze di Modena, passato , presente e futuro&#8221;, edito dalla casa editrice &#8220;Il Fiorino&#8221;. Era presente alla serata anche \u00a0l&#8217;editore Giorgio Guerzoni, accompagnato dalla [&hellip;]<\/p>\n","protected":false},"author":251,"featured_media":0,"comment_status":"open","ping_status":"closed","sticky":false,"template":"","format":"standard","meta":{"_acf_changed":false,"footnotes":""},"categories":[31,8,26],"tags":[],"class_list":["post-2883","post","type-post","status-publish","format-standard","hentry","category-conviviali","category-news","category-news-dal-nostro-club"],"acf":[],"_links":{"self":[{"href":"https:\/\/www.rotarymodena.it\/index.php?rest_route=\/wp\/v2\/posts\/2883","targetHints":{"allow":["GET"]}}],"collection":[{"href":"https:\/\/www.rotarymodena.it\/index.php?rest_route=\/wp\/v2\/posts"}],"about":[{"href":"https:\/\/www.rotarymodena.it\/index.php?rest_route=\/wp\/v2\/types\/post"}],"author":[{"embeddable":true,"href":"https:\/\/www.rotarymodena.it\/index.php?rest_route=\/wp\/v2\/users\/251"}],"replies":[{"embeddable":true,"href":"https:\/\/www.rotarymodena.it\/index.php?rest_route=%2Fwp%2Fv2%2Fcomments&post=2883"}],"version-history":[{"count":4,"href":"https:\/\/www.rotarymodena.it\/index.php?rest_route=\/wp\/v2\/posts\/2883\/revisions"}],"predecessor-version":[{"id":2891,"href":"https:\/\/www.rotarymodena.it\/index.php?rest_route=\/wp\/v2\/posts\/2883\/revisions\/2891"}],"wp:attachment":[{"href":"https:\/\/www.rotarymodena.it\/index.php?rest_route=%2Fwp%2Fv2%2Fmedia&parent=2883"}],"wp:term":[{"taxonomy":"category","embeddable":true,"href":"https:\/\/www.rotarymodena.it\/index.php?rest_route=%2Fwp%2Fv2%2Fcategories&post=2883"},{"taxonomy":"post_tag","embeddable":true,"href":"https:\/\/www.rotarymodena.it\/index.php?rest_route=%2Fwp%2Fv2%2Ftags&post=2883"}],"curies":[{"name":"wp","href":"https:\/\/api.w.org\/{rel}","templated":true}]}}