{"id":2101,"date":"2013-09-19T18:53:17","date_gmt":"2013-09-19T17:53:17","guid":{"rendered":"http:\/\/rotaryclubmodena.it\/?p=2101"},"modified":"2013-10-02T16:00:21","modified_gmt":"2013-10-02T15:00:21","slug":"la-conviviale-del-10-settembre-la-parola-al-rotaract","status":"publish","type":"post","link":"https:\/\/www.rotarymodena.it\/?p=2101","title":{"rendered":"La conviviale del 10 settembre: la parola al Rotaract"},"content":{"rendered":"<p>Lo scorso marted\u00ec 10 settembre la conviviale si \u00e8 svolta alla Secchia Rapita. Come \u00e8 tradizione visto che settembre \u00e8 dedicato dal Rotary alle nuove generazioni, il nostro club ha dedicato una serata al Rotaract.<\/p>\n<p>Sono intervenuti alla serata l&#8217;avvocato Fabrizio Pull\u00e8 del club di Riccione-Cattolica, della Commissione Giovani del Distretto e Giordano Gibertoni, delegato Distrettuale al Rotaract. L&#8217;avvocato Pull\u00e8 ha tenuto una breve conferenza mettendo in evidenza i valori che caratterizzano il Rotaract, anche alla luce del futuro inserimento di rotaractiani nelle file del Rotary.<\/p>\n<p>Era presente anche una numerosa rappresentanza del Rotaract Club Modena.<\/p>\n<p>Successivamente, il presidente del Rotaract Giorgio Gambigliani Zoccoli ha brevemente illustrato il programma della sua annata.<\/p>\n<p>Riportiamo sotto alcune immagini della serata.<\/p>\n<p>%%wppa%% %%cover=4%%<\/p>\n","protected":false},"excerpt":{"rendered":"<p>Lo scorso marted\u00ec 10 settembre la conviviale si \u00e8 svolta alla Secchia Rapita. Come \u00e8 tradizione visto che settembre \u00e8 dedicato dal Rotary alle nuove generazioni, il nostro club ha dedicato una serata al Rotaract. Sono intervenuti alla serata l&#8217;avvocato Fabrizio Pull\u00e8 del club di Riccione-Cattolica, della Commissione Giovani del Distretto e Giordano Gibertoni, delegato [&hellip;]<\/p>\n","protected":false},"author":251,"featured_media":0,"comment_status":"open","ping_status":"closed","sticky":false,"template":"","format":"standard","meta":{"_acf_changed":false,"footnotes":""},"categories":[31,8,26],"tags":[],"class_list":["post-2101","post","type-post","status-publish","format-standard","hentry","category-conviviali","category-news","category-news-dal-nostro-club"],"acf":[],"_links":{"self":[{"href":"https:\/\/www.rotarymodena.it\/index.php?rest_route=\/wp\/v2\/posts\/2101","targetHints":{"allow":["GET"]}}],"collection":[{"href":"https:\/\/www.rotarymodena.it\/index.php?rest_route=\/wp\/v2\/posts"}],"about":[{"href":"https:\/\/www.rotarymodena.it\/index.php?rest_route=\/wp\/v2\/types\/post"}],"author":[{"embeddable":true,"href":"https:\/\/www.rotarymodena.it\/index.php?rest_route=\/wp\/v2\/users\/251"}],"replies":[{"embeddable":true,"href":"https:\/\/www.rotarymodena.it\/index.php?rest_route=%2Fwp%2Fv2%2Fcomments&post=2101"}],"version-history":[{"count":10,"href":"https:\/\/www.rotarymodena.it\/index.php?rest_route=\/wp\/v2\/posts\/2101\/revisions"}],"predecessor-version":[{"id":2131,"href":"https:\/\/www.rotarymodena.it\/index.php?rest_route=\/wp\/v2\/posts\/2101\/revisions\/2131"}],"wp:attachment":[{"href":"https:\/\/www.rotarymodena.it\/index.php?rest_route=%2Fwp%2Fv2%2Fmedia&parent=2101"}],"wp:term":[{"taxonomy":"category","embeddable":true,"href":"https:\/\/www.rotarymodena.it\/index.php?rest_route=%2Fwp%2Fv2%2Fcategories&post=2101"},{"taxonomy":"post_tag","embeddable":true,"href":"https:\/\/www.rotarymodena.it\/index.php?rest_route=%2Fwp%2Fv2%2Ftags&post=2101"}],"curies":[{"name":"wp","href":"https:\/\/api.w.org\/{rel}","templated":true}]}}