{"id":1489,"date":"2013-08-19T13:23:36","date_gmt":"2013-08-19T12:23:36","guid":{"rendered":"http:\/\/rotaryclubmodena.it\/?p=1489"},"modified":"2013-10-02T16:05:17","modified_gmt":"2013-10-02T15:05:17","slug":"conviviale-del-9-luglio-2013","status":"publish","type":"post","link":"https:\/\/www.rotarymodena.it\/?p=1489","title":{"rendered":"Conviviale interclub del 9 luglio 2013"},"content":{"rendered":"<p style=\"text-align: justify;\">Si \u00e8 svolta in interclub con tutti i club del Gruppo Ghirlandina presso il ristorante &#8220;Vinicio&#8221;. L&#8217;evento \u00e8 stato dedicato alla presentazione della sponsorizzazione che i club del Gruppo intendono offrire al festival della Filosofia, manifestazione organizzata ogni anno a Modena, Carpi e Sassuolo da un consorzio costituito dai tre Comuni, dalla Provincia e dalla Fondazione S. Carlo e sponsorizzata da diverse istituzioni modenesi, tra cui il Comune e la Provincia di Modena, la Fondazione Cassa di Risparmio, la Camera di commercio, Confindustria Modena, e, appunto, \u00a0il Gruppo Ghirlandina del Rotary.<\/p>\n<p style=\"text-align: justify;\">La manifestazione ha ottenuto un notevole successo ed ha visto la partecipazione di quasi 200 soci degli otto club. Alla manifestazione ha partecipato il Direttore Scientifico della manifestazione, Michelina Borsari oltre a diverse autorit\u00e0 rotariane tra cui il Governatore Distrettuale Giuseppe Castagnoli ed past Governor Giorgio Boni, Italo Minguzzi e Mario Baraldi.<\/p>\n<p style=\"text-align: justify;\">La serata \u00e8 stata coordinata dall&#8217;Assitant Governor Alberto Farinetti, che ha aperto la serie degli interventi ed introdotti i vari oratori, tra cui, il Governatore Castagnoli, che ha espresso il suo plauso per l&#8217;iniziativa.<\/p>\n<p style=\"text-align: justify;\">Prende quindi la parola il Presidente del Rotary Club Sassuolo, avv. Davide Guidi, promotore dell\u2019iniziativa, che, dopo avere ricordato che l\u2019idea \u00e8 nata dopo il terremoto, che provoca la perdita di beni materiali, ma non della cultura, che \u00e8 un bene che non si pu\u00f2 perdere, presenta la Dr.ssa Michelina Borsari, di cui legge un breve curriculum e le cede il microfono.<\/p>\n<p style=\"text-align: justify;\">La Dr.ssa Borsari ricorda come sia l\u2019empatia a muovere l\u2019uomo, ed il Rotary come la filosofia sono capaci di suscitare passioni : il Rotary nella accezione pi\u00f9 alta della sua natura che \u00e8 quella di servire al di sopra di ogni interesse personale, la filosofia, soprattutto col tema di quest\u2019anno, AMARE, con la sua ricerca della verit\u00e0, dell\u2019assoluto, al di sopra di ogni condizionamento particolare. E cosa c\u2019\u00e8 di pi\u00f9 grande, di pi\u00f9 puro, di pi\u00f9 assoluto dell\u2019amare ? Dopo avere ricordato il successo delle passate edizioni, la Michelina Borsari sottolinea come il festival contribuisca anche ad un notevole ritorno economico sul territorio, in un rapporto di 1 a 5 e con piacere esplicita che gli ospiti rimangono incantati della citt\u00e0 di Modena.<\/p>\n<p style=\"text-align: justify;\">La serata si conclude con alcune domande e con un omaggio floreale alla Dr.ssa Borsari.<\/p>\n<p><img loading=\"lazy\" decoding=\"async\" class=\"size-thumbnail wp-image-1495 alignleft\" style=\"margin-top: 10px; margin-bottom: 10px;\" title=\"DSC_0180\" alt=\"\" src=\"http:\/\/rotaryclubmodena.it\/wp-content\/uploads\/2013\/08\/DSC_0180-150x99.jpg\" width=\"150\" height=\"99\" srcset=\"https:\/\/www.rotarymodena.it\/wp-content\/uploads\/2013\/08\/DSC_0180-150x99.jpg 150w, https:\/\/www.rotarymodena.it\/wp-content\/uploads\/2013\/08\/DSC_0180-300x199.jpg 300w, https:\/\/www.rotarymodena.it\/wp-content\/uploads\/2013\/08\/DSC_0180.jpg 500w\" sizes=\"auto, (max-width: 150px) 100vw, 150px\" \/>\u00a0<img loading=\"lazy\" decoding=\"async\" class=\"size-thumbnail wp-image-1493 alignright\" style=\"margin-top: 10px; margin-bottom: 10px;\" title=\"DSC_0202\" alt=\"\" src=\"http:\/\/rotaryclubmodena.it\/wp-content\/uploads\/2013\/08\/DSC_0202-150x99.jpg\" width=\"150\" height=\"99\" srcset=\"https:\/\/www.rotarymodena.it\/wp-content\/uploads\/2013\/08\/DSC_0202-150x99.jpg 150w, https:\/\/www.rotarymodena.it\/wp-content\/uploads\/2013\/08\/DSC_0202-300x199.jpg 300w, https:\/\/www.rotarymodena.it\/wp-content\/uploads\/2013\/08\/DSC_0202.jpg 500w\" sizes=\"auto, (max-width: 150px) 100vw, 150px\" \/><a href=\"http:\/\/rotaryclubmodena.it\/?attachment_id=1494\" rel=\"attachment wp-att-1494\"><img loading=\"lazy\" decoding=\"async\" class=\"size-thumbnail wp-image-1494 aligncenter\" style=\"margin-top: 10px; margin-bottom: 10px;\" title=\"DSC_0199\" alt=\"\" src=\"http:\/\/rotaryclubmodena.it\/wp-content\/uploads\/2013\/08\/DSC_0199-150x99.jpg\" width=\"150\" height=\"99\" srcset=\"https:\/\/www.rotarymodena.it\/wp-content\/uploads\/2013\/08\/DSC_0199-150x99.jpg 150w, https:\/\/www.rotarymodena.it\/wp-content\/uploads\/2013\/08\/DSC_0199-300x199.jpg 300w, https:\/\/www.rotarymodena.it\/wp-content\/uploads\/2013\/08\/DSC_0199.jpg 500w\" sizes=\"auto, (max-width: 150px) 100vw, 150px\" \/><\/a>\u00a0 \u00a0\u00a0\u00a0<a href=\"http:\/\/rotaryclubmodena.it\/?attachment_id=1498\" rel=\"attachment wp-att-1498\"><img loading=\"lazy\" decoding=\"async\" class=\"size-thumbnail wp-image-1498 aligncenter\" style=\"margin-top: 10px; margin-bottom: 10px;\" title=\"DSC_0220\" alt=\"\" src=\"http:\/\/rotaryclubmodena.it\/wp-content\/uploads\/2013\/08\/DSC_0220-150x99.jpg\" width=\"150\" height=\"99\" srcset=\"https:\/\/www.rotarymodena.it\/wp-content\/uploads\/2013\/08\/DSC_0220-150x99.jpg 150w, https:\/\/www.rotarymodena.it\/wp-content\/uploads\/2013\/08\/DSC_0220-300x199.jpg 300w, https:\/\/www.rotarymodena.it\/wp-content\/uploads\/2013\/08\/DSC_0220.jpg 500w\" sizes=\"auto, (max-width: 150px) 100vw, 150px\" \/><\/a><\/p>\n","protected":false},"excerpt":{"rendered":"<p>Si \u00e8 svolta in interclub con tutti i club del Gruppo Ghirlandina presso il ristorante &#8220;Vinicio&#8221;. L&#8217;evento \u00e8 stato dedicato alla presentazione della sponsorizzazione che i club del Gruppo intendono offrire al festival della Filosofia, manifestazione organizzata ogni anno a Modena, Carpi e Sassuolo da un consorzio costituito dai tre Comuni, dalla Provincia e dalla [&hellip;]<\/p>\n","protected":false},"author":251,"featured_media":0,"comment_status":"closed","ping_status":"closed","sticky":false,"template":"","format":"standard","meta":{"_acf_changed":false,"footnotes":""},"categories":[31,26],"tags":[],"class_list":["post-1489","post","type-post","status-publish","format-standard","hentry","category-conviviali","category-news-dal-nostro-club"],"acf":[],"_links":{"self":[{"href":"https:\/\/www.rotarymodena.it\/index.php?rest_route=\/wp\/v2\/posts\/1489","targetHints":{"allow":["GET"]}}],"collection":[{"href":"https:\/\/www.rotarymodena.it\/index.php?rest_route=\/wp\/v2\/posts"}],"about":[{"href":"https:\/\/www.rotarymodena.it\/index.php?rest_route=\/wp\/v2\/types\/post"}],"author":[{"embeddable":true,"href":"https:\/\/www.rotarymodena.it\/index.php?rest_route=\/wp\/v2\/users\/251"}],"replies":[{"embeddable":true,"href":"https:\/\/www.rotarymodena.it\/index.php?rest_route=%2Fwp%2Fv2%2Fcomments&post=1489"}],"version-history":[{"count":15,"href":"https:\/\/www.rotarymodena.it\/index.php?rest_route=\/wp\/v2\/posts\/1489\/revisions"}],"predecessor-version":[{"id":2216,"href":"https:\/\/www.rotarymodena.it\/index.php?rest_route=\/wp\/v2\/posts\/1489\/revisions\/2216"}],"wp:attachment":[{"href":"https:\/\/www.rotarymodena.it\/index.php?rest_route=%2Fwp%2Fv2%2Fmedia&parent=1489"}],"wp:term":[{"taxonomy":"category","embeddable":true,"href":"https:\/\/www.rotarymodena.it\/index.php?rest_route=%2Fwp%2Fv2%2Fcategories&post=1489"},{"taxonomy":"post_tag","embeddable":true,"href":"https:\/\/www.rotarymodena.it\/index.php?rest_route=%2Fwp%2Fv2%2Ftags&post=1489"}],"curies":[{"name":"wp","href":"https:\/\/api.w.org\/{rel}","templated":true}]}}