{"id":1377,"date":"2013-08-18T10:13:43","date_gmt":"2013-08-18T09:13:43","guid":{"rendered":"http:\/\/rotaryclubmodena.it\/?p=1377"},"modified":"2013-10-02T16:06:14","modified_gmt":"2013-10-02T15:06:14","slug":"passaggio-delle-consegne-al-nostro-club","status":"publish","type":"post","link":"https:\/\/www.rotarymodena.it\/?p=1377","title":{"rendered":"Passaggio delle consegne al nostro club"},"content":{"rendered":"<p><img loading=\"lazy\" decoding=\"async\" class=\"alignleft size-thumbnail wp-image-1379\" style=\"margin: 0px 10px;\" title=\"Villa Cesi\" alt=\"\" src=\"http:\/\/rotaryclubmodena.it\/wp-content\/uploads\/2013\/08\/IMG_4183-150x100.jpg\" width=\"150\" height=\"100\" srcset=\"https:\/\/www.rotarymodena.it\/wp-content\/uploads\/2013\/08\/IMG_4183-150x100.jpg 150w, https:\/\/www.rotarymodena.it\/wp-content\/uploads\/2013\/08\/IMG_4183-300x200.jpg 300w, https:\/\/www.rotarymodena.it\/wp-content\/uploads\/2013\/08\/IMG_4183.jpg 1024w\" sizes=\"auto, (max-width: 150px) 100vw, 150px\" \/><\/p>\n<p style=\"text-align: justify;\">Nella splendida cornice di Villa Cesi ci ritroviamo numerosi per la cerimonia del Passaggio delle Consegne tra il Presidente uscente Giordano Bruni ed il Presidente incoming Marco Righi.<\/p>\n<div>\n<div>\n<p style=\"text-align: justify;\">Per completezza di informazione ci piace presentarli nella loro integrit\u00e0. Al termine della cena, alla presenza di numerosi ospiti rotariani e non, i due Presidenti hanno brevemente illustrato, Giordano il bilancio della sua annata e Marco il programma della sua.<\/p>\n<p style=\"text-align: justify;\"><strong>Cominciamo dal discorso del presidente uscente<\/strong><\/p>\n<p style=\"text-align: justify;\"><img loading=\"lazy\" decoding=\"async\" class=\"wp-image-1384 alignright\" style=\"margin: 10px;\" title=\"Presidente uscente\" alt=\"\" src=\"http:\/\/rotaryclubmodena.it\/wp-content\/uploads\/2013\/08\/Presidente-uscente-186x300.jpg\" width=\"93\" height=\"150\" srcset=\"https:\/\/www.rotarymodena.it\/wp-content\/uploads\/2013\/08\/Presidente-uscente-186x300.jpg 186w, https:\/\/www.rotarymodena.it\/wp-content\/uploads\/2013\/08\/Presidente-uscente-93x150.jpg 93w, https:\/\/www.rotarymodena.it\/wp-content\/uploads\/2013\/08\/Presidente-uscente.jpg 406w\" sizes=\"auto, (max-width: 93px) 100vw, 93px\" \/>Care amiche e cari amici,<\/p>\n<div>\n<p style=\"text-align: justify;\">siamo cos\u00ec giunti alla fine del mio mandato. E\u2019 quindi il momento di tirare alcune conclusioni. Tempo di bilanci e di ringraziamenti.<\/p>\n<div>\n<p style=\"text-align: justify;\"><span style=\"text-decoration: underline;\">Prima di tutto i bilanci<\/span><\/p>\n<p style=\"text-align: justify;\">Dal mio punto di vista \u00e8 stata una esperienza molto proficua, in cui ho tentato di fare del mio meglio per essere all\u2019altezza del compito che mi era stato assegnato. Dal vostro punto di vista, avete il diritto di giudicarmi e anche di essere insoddisfatti: io accetto i giudizi negativi, perch\u00e9 sono cosciente di non avere raggiunto gli obiettivi che mi ero dato, che come sapete, erano tre:ma i bilanci<\/p>\n<ul style=\"text-align: justify;\">\n<li>migliorare le conviviali con lo scopo di avere pi\u00f9 presenze,<\/li>\n<li>migliorare l\u2019effettivo (che poi vuol dire sempre\u00a0 avere pi\u00f9 partecipazione),<\/li>\n<li>migliorare la comunicazione con i\u00a0soci.<\/li>\n<\/ul>\n<p style=\"text-align: justify;\">Il bilancio delle conviviali \u00e8 il seguente: abbiamo fatto 44\u00a0 conviviali, 25 alla Secchia, 11 da Vinicio, 3 in pizzeria, 2 a Villa Cesi, 1 all\u2019Hesperia, 1 a Carpi, 1 al Golf. Abbiamo sperimentato due diverse locations, in modo che, in caso di referendum, che consiglio vivamente al mio successore, ognuno possa esprimere il proprio parere basato sull\u2019esperienza vissuta. Le presenze alle conviviali alla Secchia sono andate da un minimo di 30 ad un massimo di 60 (massimo di 66 presenze alla serata del Governatore) con una media di 49.\u00a0 Anche le serate da Vinicio hanno visto una partecipazione molto variabile da un minimo di 30 ad un massimo di 55.\u00a0\u00a0 La serata pi\u00f9 riuscita \u00e8 stata quella che ha visto protagonista la professoressa Giovetti. Alla serata degli auguri, che comunque non fa testo, eravamo in 185.<\/p>\n<p style=\"text-align: justify;\">\u00a0Dei 44 incontri, 35 sono state conviviali, di cui 27 solo tra di noi ed\u00a0 8 sono state in interclub; per 9 serate abbiamo usato la formula dell\u2019aperitivo, che, almeno all\u2019inizio sembrava riscuotere un certo successo; le presenze all\u2019aperitivo sono andate da un minimo di 28 ad un massimo di 45, con una media di 34. Abbiamo avuto 9 oratori interni (uno al mese ad eccezione di luglio, agosto, dicembre e febbraio), e 8 relatori esterni: anche qui le presenze si sono mantenute sulle solite medie.<\/p>\n<p style=\"text-align: justify;\">Conclusioni: obiettivo fallito; analizzeremo le ragioni con il mio successore per vedere se e dove ho sbagliato, o se va cos\u00ec qualunque cosa si faccia. L\u2019unica cosa di cui posso andare orgoglioso \u00e8 che io alle 44 riunioni sono sempre stato presente.<\/p>\n<p style=\"text-align: justify;\">\u00a0Riguardo al miglioramento dell\u2019effettivo solo due numeri: siamo partiti in 107 al 1\u00b0 luglio 2012 saremo in 99 al 30 giugno 2013, ma soprattutto abbiamo ancora gli stessi assenteisti totali che avevamo l\u2019anno scorso, e cio\u00e8 otto.<\/p>\n<p style=\"text-align: justify;\">Riguardo alla comunicazione, forse questo \u00e8 l\u2019unico punto dove qualcosa \u00e8 stato fatto, e cercheremo di consolidarlo, soprattutto tramite il nuovo sito che abbiamo deciso di far partire dal prossimo 1\u00b0 settembre.<\/p>\n<p style=\"text-align: justify;\">Vorrei spendere due parole sulla gestione economica del club; non vi voglio tediare con troppi numeri, per cui indicher\u00f2 le cifre pi\u00f9 significative. Considerando anche quanto lasciatomi da Alberto Benassi ho avuto a disposizione circa 250.000 euro, provenienti :<\/p>\n<ul style=\"text-align: justify;\">\n<li>per il 68% dai soci (173.000);<\/li>\n<li>per 17% dalla gestione precedente (31.000+11.000);<\/li>\n<li>per l\u20198% da recuperi da altri club a vario titolo (circa 20.000);<\/li>\n<li>per il 6% dalla BPER (15.000)<\/li>\n<li>circa il 2% (circa 5.000) dal Distretto per il progetto Camerun.<\/li>\n<\/ul>\n<p style=\"text-align: justify;\">Ebbene, praticamente li abbiamo spesi tutti:<\/p>\n<ul style=\"text-align: justify;\">\n<li>il 41%\u00a0 (104.000) \u00e8 andato nelle conviviali (compreso la Festa degli Auguri, che da sola \u00e8 costata 31.000 euri in totale, e ha chiuso in rosso per circa 6.000 euro, considerando il contributo BPER ed il recupero dai soci);<\/li>\n<li>il 30% (circa 70.000) \u00e8 andato in progetti;<\/li>\n<li>il 13% (32.000) in spese di gestione (spese varie, compenso Gianna Ricc\u00f2, rifacimento sito, fotografo, acquisto materiali, ecc.);<\/li>\n<li>il 12% (31.000) \u00e8 andato al Rotary International ( quote distretto, quote Zurigo, Fondo permanente, OROA);<\/li>\n<li>il 5% (circa 12.000) \u00e8 andato in costi relativi all\u2019annata precedente.<\/li>\n<\/ul>\n<p style=\"text-align: justify;\">Sommando il tutto 255.000 \u20ac sono entrati, 255.000 \u20ac sono stati spesi.<\/p>\n<p style=\"text-align: justify;\">\u00a0E\u2019 molto importante, secondo me, mettere in rilievo che per la prima volta abbiamo una sede di segreteria degna di questo nome. Dobbiamo ringraziare la BPER per la generosit\u00e0. Sono cresciuti un po\u2019 i costi, che divideremo con il club Muratori con cui condividiamo la sede, ma ne valeva la pena. Adesso si tratta di sfruttarla. La considero la parte del mio lavoro di cui andare maggiormente fiero, ed a cui ho dedicato, da febbraio in poi, tantissimo tempo.<\/p>\n<p style=\"text-align: justify;\">\u00a0<span style=\"text-decoration: underline;\">Ringraziamenti<\/span><\/p>\n<p style=\"text-align: justify;\">Devo ringraziare tutti voi per il sostegno che mi avete dato; mi avete dato consigli, suggerimenti e perfino segni di apprezzamento, del tutto immeritati. Poi devo ringraziare tutti i componenti del Consiglio Direttivo, che mi ha supportato con pazienza, dedizione e lealt\u00e0.<\/p>\n<p style=\"text-align: justify;\">Un ringraziamento sincero va anche alle Commissioni, ed in particolare ai loro presidenti, per il lavoro svolto.<\/p>\n<p style=\"text-align: justify;\">Devo poi ingraziare: Claudio Colombi e Luigi Dumontel per l\u2019aiuto che mi hanno dato nella preparazione del Bollettino; Paolo Vasco Ferrari per la preziosa collaborazione nella preparazione del Premio Bonissima, che grazie a lui anche quest\u2019anno ha avuto un\u2019ottima riuscita; Pompeo Boscaino per la collaborazione che mi ha dato nell\u2019organizzazione del Premio Biondi e dell\u2019incontro con il Questore; i nostri soci che ci hanno intrattenuto con le loro interessantissime ed apprezzate conferenze: Andrea Forabosco, Andrea Bozzoli, Enrico Clini, Alberto Benassi, Gianmaria Cavallini,Giancarlo Gagliardelli, Adolfo Orsi e Rodolfo Cecchi.<\/p>\n<p style=\"text-align: justify;\">\u00a0Un ringraziamento particolare devo indirizzarlo ad Alberto Farinetti, assistente del Governatore per il Gruppo Ghirlandina, per i consigli e gli incoraggiamenti che non mi ha mai fatto mancare, ma soprattutto per la splendida ed instancabile azione di coordinamento che ha saputo realizzare tra i vari club del nostro Gruppo Ghirlandina.<\/p>\n<p style=\"text-align: justify;\">Infine devo ringraziare mia moglie, per il sostegno che mi ha dato e per la pazienza che ha dimostrato nell\u2019accettare di essere trascurata, perch\u00e9 vi posso assicurare che ho dedicato pi\u00f9 tempo al Rotary che a lei.<\/p>\n<p style=\"text-align: justify;\">\u00a0Mi rimane solo da espletare la classica consegna dei <strong>Paul Harris<\/strong>: quest\u2019anno ho deciso di richiederne solo 5, perch\u00e9 sono fermamente convinto che questo riconoscimento debba andare solo a chi ha fatto realmente qualcosa per il Rotary, non distribuito a pioggia, se non se ne vuole svilire il valore. I riconoscimenti vanno a:<\/p>\n<div id=\"attachment_1382\" style=\"width: 310px\" class=\"wp-caption alignright\"><a href=\"http:\/\/rotaryclubmodena.it\/?attachment_id=1382\" rel=\"attachment wp-att-1382\"><img loading=\"lazy\" decoding=\"async\" aria-describedby=\"caption-attachment-1382\" class=\"size-medium wp-image-1382  \" style=\"margin: 10px;\" title=\"IMG_4240\" alt=\"\" src=\"http:\/\/rotaryclubmodena.it\/wp-content\/uploads\/2013\/08\/IMG_4240-300x200.jpg\" width=\"300\" height=\"200\" srcset=\"https:\/\/www.rotarymodena.it\/wp-content\/uploads\/2013\/08\/IMG_4240-300x200.jpg 300w, https:\/\/www.rotarymodena.it\/wp-content\/uploads\/2013\/08\/IMG_4240-150x100.jpg 150w, https:\/\/www.rotarymodena.it\/wp-content\/uploads\/2013\/08\/IMG_4240.jpg 1024w\" sizes=\"auto, (max-width: 300px) 100vw, 300px\" \/><\/a><p id=\"caption-attachment-1382\" class=\"wp-caption-text\">Foto di gruppo dei premiati con PHF per l&#8217;annata 2012-2013<\/p><\/div>\n<p style=\"text-align: justify;\">Alberto Benassi, per il suo splendido anno di Presidenza e per il contributo dato durante la mia annata.<\/p>\n<p style=\"text-align: justify;\">Emilio Montessori, senza il cui aiuto probabilmente non sarei arrivato in fondo;<\/p>\n<p style=\"text-align: justify;\">Cesare Pini, per il sostegno e l\u2019affetto con cui mi ha seguito durante tutta l\u2019annata;<\/p>\n<p style=\"text-align: justify;\">Enrico Clini, perch\u00e9 di tutti i componenti del Consiglio \u00e8 l\u2019unico a non essere ancora stato insignito di questo riconoscimento rotariano e se l\u2019\u00e8 ampiamente meritato.<\/p>\n<p style=\"text-align: justify;\">Alberto Caselli, mio splendido, giovane segretario, che mi ha seguito con una dedizione, una precisione ed una meticolosit\u00e0 degne di un \u2026.. commercialista.<\/p>\n<p style=\"text-align: justify;\">Ed ora il ringraziamento pi\u00f9 importante, che proprio per questo ho tenuto per ultimo: la nostra segretaria Gianna Ricc\u00f2 alla quale vi chiedo di dedicare un caloroso applauso per la passione e la dedizione con cui ci ha servito e ne sono sicuro continuer\u00e0 a seguirci in futuro. Grazie Gianna !!<\/p>\n<p style=\"text-align: justify;\">\u00a0A questo punto ho veramente finito e passo il collare a Marco, con tanti sinceri auguri di buon lavoro. Caro Marco, in bocca al lupo e ricordati che io rimango a tua completa disposizione.<\/p>\n<p style=\"text-align: justify;\"><strong>Il discorso del presidente entrante:<\/strong><\/p>\n<p style=\"text-align: justify;\">Autorit\u00e0 rotariane, Presidente del Rotary Modena Muratori Ing. Fontana, amici rotaractiani, cari soci, gentili signore,<a href=\"http:\/\/rotaryclubmodena.it\/?attachment_id=1385\" rel=\"attachment wp-att-1385\"><img loading=\"lazy\" decoding=\"async\" class=\"alignleft size-thumbnail wp-image-1385\" style=\"margin-left: 15px; margin-right: 15px;\" title=\"Presidente entrante\" alt=\"\" src=\"http:\/\/rotaryclubmodena.it\/wp-content\/uploads\/2013\/08\/Presidente-entrante-100x150.jpg\" width=\"100\" height=\"150\" srcset=\"https:\/\/www.rotarymodena.it\/wp-content\/uploads\/2013\/08\/Presidente-entrante-100x150.jpg 100w, https:\/\/www.rotarymodena.it\/wp-content\/uploads\/2013\/08\/Presidente-entrante-200x300.jpg 200w, https:\/\/www.rotarymodena.it\/wp-content\/uploads\/2013\/08\/Presidente-entrante.jpg 512w\" sizes=\"auto, (max-width: 100px) 100vw, 100px\" \/><\/a><\/p>\n<p style=\"text-align: justify;\">\u00e8 con emozione ed entusiasmo che mi accingo a gestire da presidente la prossima annata del nostro club.<\/p>\n<p style=\"text-align: justify;\">Emozione e ricordo perch\u00e9 mi torna in mente quando mio padre ventinove anni fa ricevette il collare dall\u2019ing. Giorgio Gambigliani Zoccoli e l\u2019anno dopo lo pass\u00f2 all\u2019ing. Giorgio Boni ed io come rotaractiano ho assistito alle cerimonie e mai avrei pensato di ricevere io stesso il collare anni dopo.<\/p>\n<p style=\"text-align: justify;\">Fin dal 1972 quando mio padre divenne socio, ho potuto notare che gli insegnamenti che mi dava erano e sono confacenti con gli ideali del Rotary.<\/p>\n<p style=\"text-align: justify;\">Sono quindi sicuro di avere in lui un ottimo consigliere e un feroce critico in questa mia annata e spero mi auguro che almeno una volta a un aperitivo lo possa portare per fargli salutare gli amici rotariani dei quali mi chiede sempre ogni marted\u00ec sera al mio ritorno a casa dopo la conviviale.<\/p>\n<p style=\"text-align: justify;\">Entusiasmo da parte mia e del mio consiglio perch\u00e9 mi accingo a gestire il nostro club ricco di storia e di tradizioni sperando di non deludere le attese, anche se questo \u00e8 un periodo particolarmente difficile in tutti i campi.<\/p>\n<p style=\"text-align: justify;\">Questo \u00e8 un anno di cambiamento non solo a livello di club abbiamo una nostra nuova sede, la Sig.ra Gianna Ricc\u00f2 che collabora prevalentemente con noi e in parte col Rotary Muratori e da settembre avremo un nuovo sito web ma anche a livello distrettuale perch\u00e9 dal primo luglio come voi gi\u00e0 saprete, il nostro distretto \u00e8 ufficialmente diviso e noi dopo essere stati il 207 2070 diventiamo il 2072 con territorio quasi tutta la nostra regione e la Repubblica di San Marino e vi posso assicurare che da parte del Governatore Castagnoli del rotary Bologna Nord e di tutto il suo staff c\u2019\u00e8 grande entusiasmo e voglia di fare.<\/p>\n<p style=\"text-align: justify;\">Parliamo ora brevemente di noi e della nostra annata. Oggi siamo novantanove con una presenza sotto i cinquantacinque anni di trentacinque soci e sotto i sessanta di quarantadue. Quindi ci troviamo al nostro interno con due gruppi numerosi che possono avere esigenze, interessi e aspettative diverse dal Rotary e dal nostro club. Quindi il mio, e del mio consiglio, lavoro dovr\u00e0 tenere bene in evidenza ci\u00f2 e nella scelta delle nostre attivit\u00e0 e dei nostri relatori cercheremo di essere neutrali il pi\u00f9 possibile in modo di accontentare quasi tutti.<\/p>\n<p style=\"text-align: justify;\">Vi accenno brevemente a due attivit\u00e0 della nostra annata.<\/p>\n<p style=\"text-align: justify;\">Una prioritaria il PALAROTARY ed ho delegato Giordano Bruni di seguire per noi il progetto.<\/p>\n<p style=\"text-align: justify;\">Priorit\u00e0 per due motivi uno temporale mi auguro assieme al consiglio che quest\u2019anno si possa iniziare e portare a termine l\u2019opera per poterla consegnare alla popolazione di Novi. L\u2019altra per il nome PALAROTARY noi non possiamo non portare a termine nel breve un progetto che porta il nome del ROTARY\u00a0 e sono quindi sicuro che una volta verificato tutti i costi se dovremo come tutti i\u00a0 soci del gruppo Ghirlandina rimettere mano al portafoglio per un\u2019altra una tantum non ci tireremo indietro. Ed \u00e8 anche per questo che su sollecitazione dei Club del Gruppo Ghirlandina e dell\u2019Assistente del Governatore Farinetti abbiamo rinunciato a organizzare la nostra serata di mezza estate a favore del ferraluglio organizzato dal RC Castelvetro di Modena Terra dei Rangoni dove tutto il ricavato della lotteria che si terr\u00e0 nella serata sar\u00e0 destinato al PALAROTARY.<\/p>\n<p style=\"text-align: justify;\">La seconda riguarda la CULTURA. Abbiamo pensato sempre a livello di Gruppo di agire anche in quest\u2019ambito ed \u00e8 quindi scaturito un accordo almeno biennale di partenariato con il comitato organizzatore del Festival della Filosofia e abbiamo delegato il nostro socio Federico Ferra<\/p>\n<p style=\"text-align: justify;\">ri Amorotti di seguire l\u2019evento per il nostro Club. Il nostro scopo \u00e8 duplice il primo farci conoscere in modo diverso dal nostro territorio sponsorizzando una LECTIO ROTARY GRUPPO GHIRLANDINA durante la manifestazione a favore degli uditori dove la nostra ruota comparir\u00e0 su tutto il materiale, nel sito e sullo sfondo del relatore durante la sua relazione domenica quindici settembre in Piazza Grande il pomeriggio. Il secondo essere sponsor di una manifestazione che nei due giorni del festival muove l\u2019economia locale nelle citt\u00e0 che ospitano gli interventi e quindi anche a Carpi cos\u00ec duramente colpita dal sisma l\u2019anno scorso. Nella serata in interclub col gruppo il nove luglio la dottoressa Borsari ci parler\u00e0 del Festival dell\u2019edizione 2013 sull\u2019Amare e della nostra LECTIO ROTARY GRUPPO GHIRLANDINA.<\/p>\n<p style=\"text-align: justify;\">Vi presento ora il mio consiglio che mi supporter\u00e0 e mi aiuter\u00e0 nella mia annata. Come Vice Presidenti avr\u00f2 Paolo Vasco Ferrari e Alberto Benassi che sono stati il mio primo e ultimo Presidente col quale ho collaborato da quando sono entrato nel Rotary; Giordano Bruni \u00e8 membro di diritto in quanto Past President. So per\u00f2 che potr\u00f2 sempre contare sui preziosi consigli di tutti gli altri Past President e dei due Past Governor Giorgio Boni e Mario Baraldi con i quali ho collaborato in questi anni nonch\u00e9 di tutti voi soci nel caso certamente sicuro ne avessi bisogno.<\/p>\n<p style=\"text-align: justify;\">Segretario sar\u00e0 Cesare Brizzi, Prefetto Luca Panini, Tesoriere Stefano Zanardi<\/p>\n<p style=\"text-align: justify;\">I Consiglieri:saranno:Eugenio Boni che \u00e8 anche presidente della Commissione Rotary Fondation; Claudio Colombi che \u00e8 anche responsabile della Commissione Bollettino ; Manfredo Termanin e Francesco Vecchiati.<\/p>\n<p style=\"text-align: justify;\">Poi, come Presidente Incoming anche lui di diritto, sar\u00e0 della partita l\u2019amico Alberto Farinetti: fu lui, quando avevo diciassette anni, a farmi conoscere ed entrare nel Rotaract.<\/p>\n<p style=\"text-align: justify;\">Altri presidenti di commissione sono:<\/p>\n<p style=\"text-align: justify;\">Carmelino Scarcella responsabile Relazioni Pubbliche; Emilio Montessori, responsabile Effettivo Ammissioni e Classifiche; Vittorio Giovetti, responsabile dei Progetti; Filippo Tacoli, responsabile del Rotaract e Ryla (lui sa quanto tenga al Rotaract: ora siamo in sedici ex rotaractiani nel club); Gian Marco Ucci, responsabile Azione Professionale.<\/p>\n<p style=\"text-align: justify;\">Ho poi un altro gruppo di soci delegati a funzioni specifiche delle quali parleremo insieme ai nostri programmi in maniera pi\u00f9 diffusa marted\u00ec due Luglio nella nostra prima conviviale.<\/p>\n<p style=\"text-align: justify;\">Ora, ed ho finito perch\u00e9 so di essere stato troppo lungo, vorrei dare un presente a Giordano per ringraziarlo di tutto l\u2019impegno che ha profuso in ogni sua attivit\u00e0 dell\u2019annata ed uno al suo segretario Alberto per il lavoro svolto e un mazzo di fiori alle gentili Signore.<\/p>\n<p style=\"text-align: justify;\">Grazie a tutti voi.<\/p>\n<p>&nbsp;<\/p>\n<\/div>\n<\/div>\n<\/div>\n<\/div>\n","protected":false},"excerpt":{"rendered":"<p>Nella splendida cornice di Villa Cesi ci ritroviamo numerosi per la cerimonia del Passaggio delle Consegne tra il Presidente uscente Giordano Bruni ed il Presidente incoming Marco Righi. Per completezza di informazione ci piace presentarli nella loro integrit\u00e0. Al termine della cena, alla presenza di numerosi ospiti rotariani e non, i due Presidenti hanno brevemente [&hellip;]<\/p>\n","protected":false},"author":251,"featured_media":0,"comment_status":"closed","ping_status":"closed","sticky":false,"template":"","format":"standard","meta":{"_acf_changed":false,"footnotes":""},"categories":[31,26],"tags":[],"class_list":["post-1377","post","type-post","status-publish","format-standard","hentry","category-conviviali","category-news-dal-nostro-club"],"acf":[],"_links":{"self":[{"href":"https:\/\/www.rotarymodena.it\/index.php?rest_route=\/wp\/v2\/posts\/1377","targetHints":{"allow":["GET"]}}],"collection":[{"href":"https:\/\/www.rotarymodena.it\/index.php?rest_route=\/wp\/v2\/posts"}],"about":[{"href":"https:\/\/www.rotarymodena.it\/index.php?rest_route=\/wp\/v2\/types\/post"}],"author":[{"embeddable":true,"href":"https:\/\/www.rotarymodena.it\/index.php?rest_route=\/wp\/v2\/users\/251"}],"replies":[{"embeddable":true,"href":"https:\/\/www.rotarymodena.it\/index.php?rest_route=%2Fwp%2Fv2%2Fcomments&post=1377"}],"version-history":[{"count":9,"href":"https:\/\/www.rotarymodena.it\/index.php?rest_route=\/wp\/v2\/posts\/1377\/revisions"}],"predecessor-version":[{"id":2220,"href":"https:\/\/www.rotarymodena.it\/index.php?rest_route=\/wp\/v2\/posts\/1377\/revisions\/2220"}],"wp:attachment":[{"href":"https:\/\/www.rotarymodena.it\/index.php?rest_route=%2Fwp%2Fv2%2Fmedia&parent=1377"}],"wp:term":[{"taxonomy":"category","embeddable":true,"href":"https:\/\/www.rotarymodena.it\/index.php?rest_route=%2Fwp%2Fv2%2Fcategories&post=1377"},{"taxonomy":"post_tag","embeddable":true,"href":"https:\/\/www.rotarymodena.it\/index.php?rest_route=%2Fwp%2Fv2%2Ftags&post=1377"}],"curies":[{"name":"wp","href":"https:\/\/api.w.org\/{rel}","templated":true}]}}